{"id":4653,"date":"2024-03-25T20:35:50","date_gmt":"2024-03-25T20:35:50","guid":{"rendered":"https:\/\/blog.nerjaholidayrentals.com\/?p=4653"},"modified":"2024-03-25T20:35:51","modified_gmt":"2024-03-25T20:35:51","slug":"lyxigt-boende-avslojat-pa-terrazas-de-ladera-duplex-3","status":"publish","type":"post","link":"https:\/\/blog.nerjaholidayrentals.com\/sv\/lyxigt-boende-avslojat-pa-terrazas-de-ladera-duplex-3\/","title":{"rendered":"Lyxigt boende avsl\u00f6jat p\u00e5 Terrazas de Ladera Duplex 3"},"content":{"rendered":"\n<p>Inb\u00e4ddat i det uppskattade Terrazas de Ladera-komplexet har en ny p\u00e4rla dykt upp, som lovar en o\u00f6vertr\u00e4ffad blandning av \u00f6verfl\u00f6d och komfort. Terrazas de Ladera Duplex 3, en nyligen listad fastighet, st\u00e5r som ett bevis p\u00e5 lyxigt boende i hj\u00e4rtat av Nerja.<\/p>\n\n\n\n<p>I hj\u00e4rtat av Nerjas eftertraktade Terrazas de Ladera-komplex ligger en uts\u00f6kt tillflyktsort som v\u00e4ntar p\u00e5 kr\u00e4sna resen\u00e4rer. Terrazas de Ladera Duplex 3 har nyligen invigts och erbjuder en symfoni av lyx och sofistikering, vilket lovar en of\u00f6rgl\u00f6mlig tillflyktsort f\u00f6r dem som s\u00f6ker de finare sakerna i livet.<\/p>\n\n\n\n<p>N\u00e4r d\u00f6rrarna till Terrazas de Ladera Duplex 3 \u00f6ppnas m\u00f6ts g\u00e4sterna av en atmosf\u00e4r av raffinerad elegans. Duplexlayouten, omsorgsfullt utformad f\u00f6r att rymma upp till 4 g\u00e4ster, utstr\u00e5lar en k\u00e4nsla av utrymme och lugn. Med tre sovrum som \u00e4r omsorgsfullt utformade f\u00f6r att tillgodose alla behov, inbjuds g\u00e4sterna att varva ner och njuta av absolut komfort.<\/p>\n\n\n\n<p>Kliv in och uppt\u00e4ck en v\u00e4rld av modern lyx. Vardagsrummet, utsmyckat med eleganta m\u00f6bler och moderna accenter, erbjuder en fristad f\u00f6r avkoppling och f\u00f6ryngring. Fr\u00e5n det toppmoderna k\u00f6ket utrustat med toppmoderna apparater till de rymliga sovrummen med h\u00f6gkvalitativa madrasser, har ingen detalj f\u00f6rbisetts f\u00f6r att s\u00e4kerst\u00e4lla en verkligt lyxig vistelse.<\/p>\n\n\n\n<p>Utomhus finns en oas av lugn och ro och panoramautsikt. Den stora terrassen lockar g\u00e4sterna att sola i den varma Medelhavssolen, medan takterrassen inbjuder till intima sammankomster under stj\u00e4rnhimlen. Oavsett om man njuter av en lugn frukost eller \u00e4r v\u00e4rd f\u00f6r en soar\u00e9 i solnedg\u00e5ngen, skapar dessa utomhusutrymmen f\u00f6ruts\u00e4ttningar f\u00f6r of\u00f6rgl\u00f6mliga stunder.<\/p>\n\n\n\n<blockquote class=\"wp-block-quote is-layout-flow wp-block-quote-is-layout-flow\"><p>F\u00f6r dem som s\u00f6ker en touch av extravagans, Terrazas de Ladera Duplex 3 presenterar en exklusiv m\u00f6jlighet. Med rabattkoden &#8221;SUNNYDEAL&#8221; f\u00e5r g\u00e4sterna 10% rabatt p\u00e5 de kommande 3 bokningarna, vilket g\u00f6r lyx mer tillg\u00e4ngligt \u00e4n n\u00e5gonsin tidigare.<\/p><\/blockquote>\n\n\n\n<p><a href=\"https:\/\/www.nerjaholidayrentals.com\/sv\/uthyrning\/lagenhet-nerja-terrazas-de-ladera-duplex-3-casasol-475958.html\" target=\"_blank\" aria-label=\"undefined (opens in a new tab)\" rel=\"noreferrer noopener\">Boka h\u00e4r online din lyxiga l\u00e4genhet Terrazas de Ladera Nerja<\/a><\/p>\n\n\n\n<p>Terrazas de Ladera Duplex 3 str\u00e4cker sig bortom dess f\u00e4ngslande interi\u00f6rer. G\u00e4sterna \u00e4r inbjudna att njuta av den lyxiga gemensamma poolen, \u00f6ppen \u00e5ret runt f\u00f6r deras njutning. Dessutom garanterar h\u00f6ghastighets Starlink WiFi och internationella TV-kanaler s\u00f6ml\u00f6s anslutning under hela vistelsen, medan privat parkering erbjuder bekv\u00e4mlighet och sinnesfrid.<\/p>\n\n\n\n<p>P\u00e5 Terrazas de Ladera Duplex 3 \u00e4r g\u00e4stfriheten h\u00f6gsta prioritet. G\u00e4sterna kan f\u00f6rv\u00e4nta sig ett varmt v\u00e4lkomnande och personlig service fr\u00e5n dedikerade Host Managers, som kommer att s\u00e4kerst\u00e4lla en s\u00f6ml\u00f6s incheckning och hj\u00e4lpa till med eventuella fr\u00e5gor eller \u00f6nskem\u00e5l under hela vistelsen.<\/p>\n\n\n\n<p>Terrazas de Ladera Duplex 3 st\u00e5r som en fyr av lyxigt boende och inbjuder g\u00e4sterna att ge sig ut p\u00e5 en of\u00f6rgl\u00f6mlig resa med njutning och avkoppling. Med sin oklanderliga design, hisnande utsikt och o\u00f6vertr\u00e4ffade bekv\u00e4mligheter lovar denna nyligen listade fastighet en verkligt exceptionell semesterupplevelse i hj\u00e4rtat av Nerja.<\/p>\n","protected":false},"excerpt":{"rendered":"<p>Inb\u00e4ddat i det uppskattade Terrazas de Ladera-komplexet har en ny p\u00e4rla dykt upp, som lovar en o\u00f6vertr\u00e4ffad blandning av \u00f6verfl\u00f6d&#8230;<\/p>\n","protected":false},"author":34,"featured_media":4645,"comment_status":"open","ping_status":"closed","sticky":false,"template":"","format":"standard","meta":{"footnotes":""},"categories":[107],"tags":[],"class_list":["post-4653","post","type-post","status-publish","format-standard","has-post-thumbnail","hentry","category-nerja-3"],"yoast_head":"<!-- This site is optimized with the Yoast SEO plugin v27.5 - https:\/\/yoast.com\/product\/yoast-seo-wordpress\/ -->\n<title>Lyxigt boende avsl\u00f6jat p\u00e5 Terrazas de Ladera Duplex 3 - Blog Casasol<\/title>\n<meta name=\"description\" content=\"Terrazas de Ladera Duplex 3 presenterar en exklusiv m\u00f6jlighet. Med rabattkoden &quot;SUNNYDEAL&quot; f\u00e5r g\u00e4sterna 10% rabatt p\u00e5 de kommande 3 bokningarna\" \/>\n<meta name=\"robots\" content=\"index, follow, max-snippet:-1, max-image-preview:large, max-video-preview:-1\" \/>\n<link rel=\"canonical\" href=\"https:\/\/blog.nerjaholidayrentals.com\/sv\/lyxigt-boende-avslojat-pa-terrazas-de-ladera-duplex-3\/\" \/>\n<meta property=\"og:locale\" content=\"sv_SE\" \/>\n<meta property=\"og:type\" content=\"article\" \/>\n<meta property=\"og:title\" content=\"Lyxigt boende avsl\u00f6jat p\u00e5 Terrazas de Ladera Duplex 3 - Blog Casasol\" \/>\n<meta property=\"og:description\" content=\"Terrazas de Ladera Duplex 3 presenterar en exklusiv m\u00f6jlighet. Med rabattkoden &quot;SUNNYDEAL&quot; f\u00e5r g\u00e4sterna 10% rabatt p\u00e5 de kommande 3 bokningarna\" \/>\n<meta property=\"og:url\" content=\"https:\/\/blog.nerjaholidayrentals.com\/sv\/lyxigt-boende-avslojat-pa-terrazas-de-ladera-duplex-3\/\" \/>\n<meta property=\"og:site_name\" content=\"Blog Casasol\" \/>\n<meta property=\"article:author\" content=\"https:\/\/www.facebook.com\/CasasolHoliday\" \/>\n<meta property=\"article:published_time\" content=\"2024-03-25T20:35:50+00:00\" \/>\n<meta property=\"article:modified_time\" content=\"2024-03-25T20:35:51+00:00\" \/>\n<meta property=\"og:image\" content=\"https:\/\/blog.nerjaholidayrentals.com\/wp-content\/uploads\/2024\/03\/JRB00904.jpg\" \/>\n\t<meta property=\"og:image:width\" content=\"1620\" \/>\n\t<meta property=\"og:image:height\" content=\"1080\" \/>\n\t<meta property=\"og:image:type\" content=\"image\/jpeg\" \/>\n<meta name=\"author\" content=\"Jos\u00e9 Mateos\" \/>\n<meta name=\"twitter:card\" content=\"summary_large_image\" \/>\n<meta name=\"twitter:creator\" content=\"@CasasolHoliday\" \/>\n<meta name=\"twitter:label1\" content=\"Skriven av\" \/>\n\t<meta name=\"twitter:data1\" content=\"Jos\u00e9 Mateos\" \/>\n\t<meta name=\"twitter:label2\" content=\"Ber\u00e4knad l\u00e4stid\" \/>\n\t<meta name=\"twitter:data2\" content=\"3 minuter\" \/>\n<script type=\"application\/ld+json\" class=\"yoast-schema-graph\">{\"@context\":\"https:\\\/\\\/schema.org\",\"@graph\":[{\"@type\":\"Article\",\"@id\":\"https:\\\/\\\/blog.nerjaholidayrentals.com\\\/sv\\\/lyxigt-boende-avslojat-pa-terrazas-de-ladera-duplex-3\\\/#article\",\"isPartOf\":{\"@id\":\"https:\\\/\\\/blog.nerjaholidayrentals.com\\\/sv\\\/lyxigt-boende-avslojat-pa-terrazas-de-ladera-duplex-3\\\/\"},\"author\":{\"name\":\"Jos\u00e9 Mateos\",\"@id\":\"https:\\\/\\\/blog.nerjaholidayrentals.com\\\/sv\\\/#\\\/schema\\\/person\\\/43e8d745daf7665000059fd9938f938b\"},\"headline\":\"Lyxigt boende avsl\u00f6jat p\u00e5 Terrazas de Ladera Duplex 3\",\"datePublished\":\"2024-03-25T20:35:50+00:00\",\"dateModified\":\"2024-03-25T20:35:51+00:00\",\"mainEntityOfPage\":{\"@id\":\"https:\\\/\\\/blog.nerjaholidayrentals.com\\\/sv\\\/lyxigt-boende-avslojat-pa-terrazas-de-ladera-duplex-3\\\/\"},\"wordCount\":521,\"commentCount\":0,\"image\":{\"@id\":\"https:\\\/\\\/blog.nerjaholidayrentals.com\\\/sv\\\/lyxigt-boende-avslojat-pa-terrazas-de-ladera-duplex-3\\\/#primaryimage\"},\"thumbnailUrl\":\"https:\\\/\\\/blog.nerjaholidayrentals.com\\\/wp-content\\\/uploads\\\/2024\\\/03\\\/JRB00904.jpg\",\"articleSection\":[\"Nerja\"],\"inLanguage\":\"sv-SE\",\"potentialAction\":[{\"@type\":\"CommentAction\",\"name\":\"Comment\",\"target\":[\"https:\\\/\\\/blog.nerjaholidayrentals.com\\\/sv\\\/lyxigt-boende-avslojat-pa-terrazas-de-ladera-duplex-3\\\/#respond\"]}]},{\"@type\":\"WebPage\",\"@id\":\"https:\\\/\\\/blog.nerjaholidayrentals.com\\\/sv\\\/lyxigt-boende-avslojat-pa-terrazas-de-ladera-duplex-3\\\/\",\"url\":\"https:\\\/\\\/blog.nerjaholidayrentals.com\\\/sv\\\/lyxigt-boende-avslojat-pa-terrazas-de-ladera-duplex-3\\\/\",\"name\":\"Lyxigt boende avsl\u00f6jat p\u00e5 Terrazas de Ladera Duplex 3 - Blog Casasol\",\"isPartOf\":{\"@id\":\"https:\\\/\\\/blog.nerjaholidayrentals.com\\\/sv\\\/#website\"},\"primaryImageOfPage\":{\"@id\":\"https:\\\/\\\/blog.nerjaholidayrentals.com\\\/sv\\\/lyxigt-boende-avslojat-pa-terrazas-de-ladera-duplex-3\\\/#primaryimage\"},\"image\":{\"@id\":\"https:\\\/\\\/blog.nerjaholidayrentals.com\\\/sv\\\/lyxigt-boende-avslojat-pa-terrazas-de-ladera-duplex-3\\\/#primaryimage\"},\"thumbnailUrl\":\"https:\\\/\\\/blog.nerjaholidayrentals.com\\\/wp-content\\\/uploads\\\/2024\\\/03\\\/JRB00904.jpg\",\"datePublished\":\"2024-03-25T20:35:50+00:00\",\"dateModified\":\"2024-03-25T20:35:51+00:00\",\"author\":{\"@id\":\"https:\\\/\\\/blog.nerjaholidayrentals.com\\\/sv\\\/#\\\/schema\\\/person\\\/43e8d745daf7665000059fd9938f938b\"},\"description\":\"Terrazas de Ladera Duplex 3 presenterar en exklusiv m\u00f6jlighet. Med rabattkoden \\\"SUNNYDEAL\\\" f\u00e5r g\u00e4sterna 10% rabatt p\u00e5 de kommande 3 bokningarna\",\"breadcrumb\":{\"@id\":\"https:\\\/\\\/blog.nerjaholidayrentals.com\\\/sv\\\/lyxigt-boende-avslojat-pa-terrazas-de-ladera-duplex-3\\\/#breadcrumb\"},\"inLanguage\":\"sv-SE\",\"potentialAction\":[{\"@type\":\"ReadAction\",\"target\":[\"https:\\\/\\\/blog.nerjaholidayrentals.com\\\/sv\\\/lyxigt-boende-avslojat-pa-terrazas-de-ladera-duplex-3\\\/\"]}]},{\"@type\":\"ImageObject\",\"inLanguage\":\"sv-SE\",\"@id\":\"https:\\\/\\\/blog.nerjaholidayrentals.com\\\/sv\\\/lyxigt-boende-avslojat-pa-terrazas-de-ladera-duplex-3\\\/#primaryimage\",\"url\":\"https:\\\/\\\/blog.nerjaholidayrentals.com\\\/wp-content\\\/uploads\\\/2024\\\/03\\\/JRB00904.jpg\",\"contentUrl\":\"https:\\\/\\\/blog.nerjaholidayrentals.com\\\/wp-content\\\/uploads\\\/2024\\\/03\\\/JRB00904.jpg\",\"width\":1620,\"height\":1080},{\"@type\":\"BreadcrumbList\",\"@id\":\"https:\\\/\\\/blog.nerjaholidayrentals.com\\\/sv\\\/lyxigt-boende-avslojat-pa-terrazas-de-ladera-duplex-3\\\/#breadcrumb\",\"itemListElement\":[{\"@type\":\"ListItem\",\"position\":1,\"name\":\"Home\",\"item\":\"https:\\\/\\\/blog.nerjaholidayrentals.com\\\/sv\\\/\"},{\"@type\":\"ListItem\",\"position\":2,\"name\":\"Lyxigt boende avsl\u00f6jat p\u00e5 Terrazas de Ladera Duplex 3\"}]},{\"@type\":\"WebSite\",\"@id\":\"https:\\\/\\\/blog.nerjaholidayrentals.com\\\/sv\\\/#website\",\"url\":\"https:\\\/\\\/blog.nerjaholidayrentals.com\\\/sv\\\/\",\"name\":\"Blog Casasol\",\"description\":\"Just another  site\",\"potentialAction\":[{\"@type\":\"SearchAction\",\"target\":{\"@type\":\"EntryPoint\",\"urlTemplate\":\"https:\\\/\\\/blog.nerjaholidayrentals.com\\\/sv\\\/?s={search_term_string}\"},\"query-input\":{\"@type\":\"PropertyValueSpecification\",\"valueRequired\":true,\"valueName\":\"search_term_string\"}}],\"inLanguage\":\"sv-SE\"},{\"@type\":\"Person\",\"@id\":\"https:\\\/\\\/blog.nerjaholidayrentals.com\\\/sv\\\/#\\\/schema\\\/person\\\/43e8d745daf7665000059fd9938f938b\",\"name\":\"Jos\u00e9 Mateos\",\"image\":{\"@type\":\"ImageObject\",\"inLanguage\":\"sv-SE\",\"@id\":\"https:\\\/\\\/secure.gravatar.com\\\/avatar\\\/ea5d177909ad5cbda723c04542224e0c5423e7df272f6d9ab17db762dc204add?s=96&d=mm&r=g\",\"url\":\"https:\\\/\\\/secure.gravatar.com\\\/avatar\\\/ea5d177909ad5cbda723c04542224e0c5423e7df272f6d9ab17db762dc204add?s=96&d=mm&r=g\",\"contentUrl\":\"https:\\\/\\\/secure.gravatar.com\\\/avatar\\\/ea5d177909ad5cbda723c04542224e0c5423e7df272f6d9ab17db762dc204add?s=96&d=mm&r=g\",\"caption\":\"Jos\u00e9 Mateos\"},\"sameAs\":[\"https:\\\/\\\/www.nerjaholidayrentals.com\\\/\",\"https:\\\/\\\/www.facebook.com\\\/CasasolHoliday\",\"https:\\\/\\\/www.instagram.com\\\/casasolholiday\\\/\",\"https:\\\/\\\/x.com\\\/CasasolHoliday\"],\"url\":\"https:\\\/\\\/blog.nerjaholidayrentals.com\\\/sv\\\/author\\\/nerjaholidays\\\/\"}]}<\/script>\n<!-- \/ Yoast SEO plugin. -->","yoast_head_json":{"title":"Lyxigt boende avsl\u00f6jat p\u00e5 Terrazas de Ladera Duplex 3 - Blog Casasol","description":"Terrazas de Ladera Duplex 3 presenterar en exklusiv m\u00f6jlighet. Med rabattkoden \"SUNNYDEAL\" f\u00e5r g\u00e4sterna 10% rabatt p\u00e5 de kommande 3 bokningarna","robots":{"index":"index","follow":"follow","max-snippet":"max-snippet:-1","max-image-preview":"max-image-preview:large","max-video-preview":"max-video-preview:-1"},"canonical":"https:\/\/blog.nerjaholidayrentals.com\/sv\/lyxigt-boende-avslojat-pa-terrazas-de-ladera-duplex-3\/","og_locale":"sv_SE","og_type":"article","og_title":"Lyxigt boende avsl\u00f6jat p\u00e5 Terrazas de Ladera Duplex 3 - Blog Casasol","og_description":"Terrazas de Ladera Duplex 3 presenterar en exklusiv m\u00f6jlighet. Med rabattkoden \"SUNNYDEAL\" f\u00e5r g\u00e4sterna 10% rabatt p\u00e5 de kommande 3 bokningarna","og_url":"https:\/\/blog.nerjaholidayrentals.com\/sv\/lyxigt-boende-avslojat-pa-terrazas-de-ladera-duplex-3\/","og_site_name":"Blog Casasol","article_author":"https:\/\/www.facebook.com\/CasasolHoliday","article_published_time":"2024-03-25T20:35:50+00:00","article_modified_time":"2024-03-25T20:35:51+00:00","og_image":[{"width":1620,"height":1080,"url":"https:\/\/blog.nerjaholidayrentals.com\/wp-content\/uploads\/2024\/03\/JRB00904.jpg","type":"image\/jpeg"}],"author":"Jos\u00e9 Mateos","twitter_card":"summary_large_image","twitter_creator":"@CasasolHoliday","twitter_misc":{"Skriven av":"Jos\u00e9 Mateos","Ber\u00e4knad l\u00e4stid":"3 minuter"},"schema":{"@context":"https:\/\/schema.org","@graph":[{"@type":"Article","@id":"https:\/\/blog.nerjaholidayrentals.com\/sv\/lyxigt-boende-avslojat-pa-terrazas-de-ladera-duplex-3\/#article","isPartOf":{"@id":"https:\/\/blog.nerjaholidayrentals.com\/sv\/lyxigt-boende-avslojat-pa-terrazas-de-ladera-duplex-3\/"},"author":{"name":"Jos\u00e9 Mateos","@id":"https:\/\/blog.nerjaholidayrentals.com\/sv\/#\/schema\/person\/43e8d745daf7665000059fd9938f938b"},"headline":"Lyxigt boende avsl\u00f6jat p\u00e5 Terrazas de Ladera Duplex 3","datePublished":"2024-03-25T20:35:50+00:00","dateModified":"2024-03-25T20:35:51+00:00","mainEntityOfPage":{"@id":"https:\/\/blog.nerjaholidayrentals.com\/sv\/lyxigt-boende-avslojat-pa-terrazas-de-ladera-duplex-3\/"},"wordCount":521,"commentCount":0,"image":{"@id":"https:\/\/blog.nerjaholidayrentals.com\/sv\/lyxigt-boende-avslojat-pa-terrazas-de-ladera-duplex-3\/#primaryimage"},"thumbnailUrl":"https:\/\/blog.nerjaholidayrentals.com\/wp-content\/uploads\/2024\/03\/JRB00904.jpg","articleSection":["Nerja"],"inLanguage":"sv-SE","potentialAction":[{"@type":"CommentAction","name":"Comment","target":["https:\/\/blog.nerjaholidayrentals.com\/sv\/lyxigt-boende-avslojat-pa-terrazas-de-ladera-duplex-3\/#respond"]}]},{"@type":"WebPage","@id":"https:\/\/blog.nerjaholidayrentals.com\/sv\/lyxigt-boende-avslojat-pa-terrazas-de-ladera-duplex-3\/","url":"https:\/\/blog.nerjaholidayrentals.com\/sv\/lyxigt-boende-avslojat-pa-terrazas-de-ladera-duplex-3\/","name":"Lyxigt boende avsl\u00f6jat p\u00e5 Terrazas de Ladera Duplex 3 - Blog Casasol","isPartOf":{"@id":"https:\/\/blog.nerjaholidayrentals.com\/sv\/#website"},"primaryImageOfPage":{"@id":"https:\/\/blog.nerjaholidayrentals.com\/sv\/lyxigt-boende-avslojat-pa-terrazas-de-ladera-duplex-3\/#primaryimage"},"image":{"@id":"https:\/\/blog.nerjaholidayrentals.com\/sv\/lyxigt-boende-avslojat-pa-terrazas-de-ladera-duplex-3\/#primaryimage"},"thumbnailUrl":"https:\/\/blog.nerjaholidayrentals.com\/wp-content\/uploads\/2024\/03\/JRB00904.jpg","datePublished":"2024-03-25T20:35:50+00:00","dateModified":"2024-03-25T20:35:51+00:00","author":{"@id":"https:\/\/blog.nerjaholidayrentals.com\/sv\/#\/schema\/person\/43e8d745daf7665000059fd9938f938b"},"description":"Terrazas de Ladera Duplex 3 presenterar en exklusiv m\u00f6jlighet. Med rabattkoden \"SUNNYDEAL\" f\u00e5r g\u00e4sterna 10% rabatt p\u00e5 de kommande 3 bokningarna","breadcrumb":{"@id":"https:\/\/blog.nerjaholidayrentals.com\/sv\/lyxigt-boende-avslojat-pa-terrazas-de-ladera-duplex-3\/#breadcrumb"},"inLanguage":"sv-SE","potentialAction":[{"@type":"ReadAction","target":["https:\/\/blog.nerjaholidayrentals.com\/sv\/lyxigt-boende-avslojat-pa-terrazas-de-ladera-duplex-3\/"]}]},{"@type":"ImageObject","inLanguage":"sv-SE","@id":"https:\/\/blog.nerjaholidayrentals.com\/sv\/lyxigt-boende-avslojat-pa-terrazas-de-ladera-duplex-3\/#primaryimage","url":"https:\/\/blog.nerjaholidayrentals.com\/wp-content\/uploads\/2024\/03\/JRB00904.jpg","contentUrl":"https:\/\/blog.nerjaholidayrentals.com\/wp-content\/uploads\/2024\/03\/JRB00904.jpg","width":1620,"height":1080},{"@type":"BreadcrumbList","@id":"https:\/\/blog.nerjaholidayrentals.com\/sv\/lyxigt-boende-avslojat-pa-terrazas-de-ladera-duplex-3\/#breadcrumb","itemListElement":[{"@type":"ListItem","position":1,"name":"Home","item":"https:\/\/blog.nerjaholidayrentals.com\/sv\/"},{"@type":"ListItem","position":2,"name":"Lyxigt boende avsl\u00f6jat p\u00e5 Terrazas de Ladera Duplex 3"}]},{"@type":"WebSite","@id":"https:\/\/blog.nerjaholidayrentals.com\/sv\/#website","url":"https:\/\/blog.nerjaholidayrentals.com\/sv\/","name":"Blog Casasol","description":"Just another  site","potentialAction":[{"@type":"SearchAction","target":{"@type":"EntryPoint","urlTemplate":"https:\/\/blog.nerjaholidayrentals.com\/sv\/?s={search_term_string}"},"query-input":{"@type":"PropertyValueSpecification","valueRequired":true,"valueName":"search_term_string"}}],"inLanguage":"sv-SE"},{"@type":"Person","@id":"https:\/\/blog.nerjaholidayrentals.com\/sv\/#\/schema\/person\/43e8d745daf7665000059fd9938f938b","name":"Jos\u00e9 Mateos","image":{"@type":"ImageObject","inLanguage":"sv-SE","@id":"https:\/\/secure.gravatar.com\/avatar\/ea5d177909ad5cbda723c04542224e0c5423e7df272f6d9ab17db762dc204add?s=96&d=mm&r=g","url":"https:\/\/secure.gravatar.com\/avatar\/ea5d177909ad5cbda723c04542224e0c5423e7df272f6d9ab17db762dc204add?s=96&d=mm&r=g","contentUrl":"https:\/\/secure.gravatar.com\/avatar\/ea5d177909ad5cbda723c04542224e0c5423e7df272f6d9ab17db762dc204add?s=96&d=mm&r=g","caption":"Jos\u00e9 Mateos"},"sameAs":["https:\/\/www.nerjaholidayrentals.com\/","https:\/\/www.facebook.com\/CasasolHoliday","https:\/\/www.instagram.com\/casasolholiday\/","https:\/\/x.com\/CasasolHoliday"],"url":"https:\/\/blog.nerjaholidayrentals.com\/sv\/author\/nerjaholidays\/"}]}},"_links":{"self":[{"href":"https:\/\/blog.nerjaholidayrentals.com\/sv\/wp-json\/wp\/v2\/posts\/4653","targetHints":{"allow":["GET"]}}],"collection":[{"href":"https:\/\/blog.nerjaholidayrentals.com\/sv\/wp-json\/wp\/v2\/posts"}],"about":[{"href":"https:\/\/blog.nerjaholidayrentals.com\/sv\/wp-json\/wp\/v2\/types\/post"}],"author":[{"embeddable":true,"href":"https:\/\/blog.nerjaholidayrentals.com\/sv\/wp-json\/wp\/v2\/users\/34"}],"replies":[{"embeddable":true,"href":"https:\/\/blog.nerjaholidayrentals.com\/sv\/wp-json\/wp\/v2\/comments?post=4653"}],"version-history":[{"count":1,"href":"https:\/\/blog.nerjaholidayrentals.com\/sv\/wp-json\/wp\/v2\/posts\/4653\/revisions"}],"predecessor-version":[{"id":4654,"href":"https:\/\/blog.nerjaholidayrentals.com\/sv\/wp-json\/wp\/v2\/posts\/4653\/revisions\/4654"}],"wp:featuredmedia":[{"embeddable":true,"href":"https:\/\/blog.nerjaholidayrentals.com\/sv\/wp-json\/wp\/v2\/media\/4645"}],"wp:attachment":[{"href":"https:\/\/blog.nerjaholidayrentals.com\/sv\/wp-json\/wp\/v2\/media?parent=4653"}],"wp:term":[{"taxonomy":"category","embeddable":true,"href":"https:\/\/blog.nerjaholidayrentals.com\/sv\/wp-json\/wp\/v2\/categories?post=4653"},{"taxonomy":"post_tag","embeddable":true,"href":"https:\/\/blog.nerjaholidayrentals.com\/sv\/wp-json\/wp\/v2\/tags?post=4653"}],"curies":[{"name":"wp","href":"https:\/\/api.w.org\/{rel}","templated":true}]}}