{"id":3273,"date":"2023-03-20T09:24:00","date_gmt":"2023-03-20T09:24:00","guid":{"rendered":"https:\/\/blog.nerjaholidayrentals.com\/?p=3273"},"modified":"2023-03-29T09:28:30","modified_gmt":"2023-03-29T09:28:30","slug":"vi-presenterar-var-nya-semesterbostad-villa-seaview-i-punta-lara-nerja","status":"publish","type":"post","link":"https:\/\/blog.nerjaholidayrentals.com\/sv\/vi-presenterar-var-nya-semesterbostad-villa-seaview-i-punta-lara-nerja\/","title":{"rendered":"Vi presenterar v\u00e5r nya semesterbostad Villa Seaview i Punta Lara, Nerja"},"content":{"rendered":"\n<p>Letar du efter en fantastisk semesterbostad i den vackra staden Nerja? S\u00f6k inte l\u00e4ngre \u00e4n till Villa Seaview i Punta Lara, som nu kan hyras via Nerja Holiday Rentals.<\/p>\n\n\n\n<p>Denna lyxiga villa har en fantastisk utsikt \u00f6ver Medelhavet, med vidstr\u00e4ckta terrasser och balkonger med utsikt \u00f6ver vattnet. Du kan vakna varje morgon till ljudet av v\u00e5gorna och njuta av den varma spanska solen medan du njuter av din frukost p\u00e5 terrassen.<\/p>\n\n\n\n<p>Inv\u00e4ndigt \u00e4r villan vackert inredd med moderna m\u00f6bler och ett fullt utrustat k\u00f6k f\u00f6r alla dina matlagningsbehov. De rymliga vardagsrummen och matplatserna ger gott om utrymme f\u00f6r avkoppling och underh\u00e5llning, med stora f\u00f6nster som sl\u00e4pper in det naturliga ljuset och den fantastiska utsikten.<\/p>\n\n\n\n<p>Villan har tre sovrum och rymmer upp till sex g\u00e4ster, vilket g\u00f6r den perfekt f\u00f6r familjer eller grupper av v\u00e4nner som vill ha en avkopplande utflykt. Varje sovrum har ett eget badrum, och det stora sovrummet har en egen privat balkong med fantastisk havsutsikt.<\/p>\n\n\n\n<p>Villa Seaview ligger i Punta Lara, ett lugnt och pittoreskt omr\u00e5de i Nerja bara en kort bit fr\u00e5n centrum. Villan \u00e4r bekv\u00e4mt bel\u00e4gen n\u00e4ra stranden och lokala bekv\u00e4mligheter, med gott om m\u00f6jligheter till utomhusaktiviteter och utforskande i det omgivande omr\u00e5det.<\/p>\n\n\n\n<p>P\u00e5 Nerja Holiday Rentals \u00e4r vi stolta \u00f6ver att tillhandah\u00e5lla h\u00f6gkvalitativa semesterbost\u00e4der med exceptionell kundservice. Vi \u00e4r glada att l\u00e4gga till Villa Seaview till v\u00e5r samling av fastigheter och ser fram emot att dela denna fantastiska villa med v\u00e5ra g\u00e4ster.<\/p>\n\n\n\n<p>F\u00f6r att s\u00e4kerst\u00e4lla att du f\u00e5r det b\u00e4sta priset och slipper g\u00e5 miste om n\u00e5got rekommenderar vi starkt att du bokar Villa Seaview s\u00e5 tidigt som m\u00f6jligt inf\u00f6r din n\u00e4sta semester i Nerja.<\/p>\n\n\n\n<p>Bes\u00f6k v\u00e5r webbplats p\u00e5 <a href=\"https:\/\/www.nerjaholidayrentals.com\/sv\/uthyrning\/stuga-nerja-villa-seaview-punta-lara-casasol-421075.html\">https:\/\/www.nerjaholidayrentals.com\/sv\/uthyrning\/stuga-nerja-villa-seaview-punta-lara-casasol-421075.html<\/a> f\u00f6r mer information och tillg\u00e4nglighet. V\u00e4nta inte f\u00f6r l\u00e4nge f\u00f6r att s\u00e4kra din vistelse i denna vackra villa och skapa of\u00f6rgl\u00f6mliga minnen i Nerja.<\/p>\n\n\n\n<p>Boka nu och b\u00f6rja planera din dr\u00f6msemester!<\/p>\n","protected":false},"excerpt":{"rendered":"<p>Letar du efter en fantastisk semesterbostad i den vackra staden Nerja? S\u00f6k inte l\u00e4ngre \u00e4n till Villa Seaview i Punta&#8230;<\/p>\n","protected":false},"author":34,"featured_media":3262,"comment_status":"open","ping_status":"closed","sticky":false,"template":"","format":"standard","meta":{"footnotes":""},"categories":[107],"tags":[],"class_list":["post-3273","post","type-post","status-publish","format-standard","has-post-thumbnail","hentry","category-nerja-3"],"yoast_head":"<!-- This site is optimized with the Yoast SEO plugin v27.5 - https:\/\/yoast.com\/product\/yoast-seo-wordpress\/ -->\n<title>Vi presenterar v\u00e5r nya semesterbostad Villa Seaview i Punta Lara, Nerja - Blog Casasol<\/title>\n<meta name=\"description\" content=\"Letar du efter en fantastisk semesterbostad i den vackra staden Nerja? S\u00f6k inte l\u00e4ngre \u00e4n till Villa Seaview i Punta Lara, som nu kan hyras via Nerja Holiday Rentals.\" \/>\n<meta name=\"robots\" content=\"index, follow, max-snippet:-1, max-image-preview:large, max-video-preview:-1\" \/>\n<link rel=\"canonical\" href=\"https:\/\/blog.nerjaholidayrentals.com\/sv\/vi-presenterar-var-nya-semesterbostad-villa-seaview-i-punta-lara-nerja\/\" \/>\n<meta property=\"og:locale\" content=\"sv_SE\" \/>\n<meta property=\"og:type\" content=\"article\" \/>\n<meta property=\"og:title\" content=\"Vi presenterar v\u00e5r nya semesterbostad Villa Seaview i Punta Lara, Nerja - Blog Casasol\" \/>\n<meta property=\"og:description\" content=\"Letar du efter en fantastisk semesterbostad i den vackra staden Nerja? S\u00f6k inte l\u00e4ngre \u00e4n till Villa Seaview i Punta Lara, som nu kan hyras via Nerja Holiday Rentals.\" \/>\n<meta property=\"og:url\" content=\"https:\/\/blog.nerjaholidayrentals.com\/sv\/vi-presenterar-var-nya-semesterbostad-villa-seaview-i-punta-lara-nerja\/\" \/>\n<meta property=\"og:site_name\" content=\"Blog Casasol\" \/>\n<meta property=\"article:author\" content=\"https:\/\/www.facebook.com\/CasasolHoliday\" \/>\n<meta property=\"article:published_time\" content=\"2023-03-20T09:24:00+00:00\" \/>\n<meta property=\"article:modified_time\" content=\"2023-03-29T09:28:30+00:00\" \/>\n<meta property=\"og:image\" content=\"https:\/\/blog.nerjaholidayrentals.com\/wp-content\/uploads\/2023\/03\/JRB06085.jpg\" \/>\n\t<meta property=\"og:image:width\" content=\"1620\" \/>\n\t<meta property=\"og:image:height\" content=\"1080\" \/>\n\t<meta property=\"og:image:type\" content=\"image\/jpeg\" \/>\n<meta name=\"author\" content=\"Jos\u00e9 Mateos\" \/>\n<meta name=\"twitter:card\" content=\"summary_large_image\" \/>\n<meta name=\"twitter:creator\" content=\"@CasasolHoliday\" \/>\n<meta name=\"twitter:label1\" content=\"Skriven av\" \/>\n\t<meta name=\"twitter:data1\" content=\"Jos\u00e9 Mateos\" \/>\n\t<meta name=\"twitter:label2\" content=\"Ber\u00e4knad l\u00e4stid\" \/>\n\t<meta name=\"twitter:data2\" content=\"2 minuter\" \/>\n<script type=\"application\/ld+json\" class=\"yoast-schema-graph\">{\"@context\":\"https:\\\/\\\/schema.org\",\"@graph\":[{\"@type\":\"Article\",\"@id\":\"https:\\\/\\\/blog.nerjaholidayrentals.com\\\/sv\\\/vi-presenterar-var-nya-semesterbostad-villa-seaview-i-punta-lara-nerja\\\/#article\",\"isPartOf\":{\"@id\":\"https:\\\/\\\/blog.nerjaholidayrentals.com\\\/sv\\\/vi-presenterar-var-nya-semesterbostad-villa-seaview-i-punta-lara-nerja\\\/\"},\"author\":{\"name\":\"Jos\u00e9 Mateos\",\"@id\":\"https:\\\/\\\/blog.nerjaholidayrentals.com\\\/sv\\\/#\\\/schema\\\/person\\\/43e8d745daf7665000059fd9938f938b\"},\"headline\":\"Vi presenterar v\u00e5r nya semesterbostad Villa Seaview i Punta Lara, Nerja\",\"datePublished\":\"2023-03-20T09:24:00+00:00\",\"dateModified\":\"2023-03-29T09:28:30+00:00\",\"mainEntityOfPage\":{\"@id\":\"https:\\\/\\\/blog.nerjaholidayrentals.com\\\/sv\\\/vi-presenterar-var-nya-semesterbostad-villa-seaview-i-punta-lara-nerja\\\/\"},\"wordCount\":379,\"commentCount\":0,\"image\":{\"@id\":\"https:\\\/\\\/blog.nerjaholidayrentals.com\\\/sv\\\/vi-presenterar-var-nya-semesterbostad-villa-seaview-i-punta-lara-nerja\\\/#primaryimage\"},\"thumbnailUrl\":\"https:\\\/\\\/blog.nerjaholidayrentals.com\\\/wp-content\\\/uploads\\\/2023\\\/03\\\/JRB06085.jpg\",\"articleSection\":[\"Nerja\"],\"inLanguage\":\"sv-SE\",\"potentialAction\":[{\"@type\":\"CommentAction\",\"name\":\"Comment\",\"target\":[\"https:\\\/\\\/blog.nerjaholidayrentals.com\\\/sv\\\/vi-presenterar-var-nya-semesterbostad-villa-seaview-i-punta-lara-nerja\\\/#respond\"]}]},{\"@type\":\"WebPage\",\"@id\":\"https:\\\/\\\/blog.nerjaholidayrentals.com\\\/sv\\\/vi-presenterar-var-nya-semesterbostad-villa-seaview-i-punta-lara-nerja\\\/\",\"url\":\"https:\\\/\\\/blog.nerjaholidayrentals.com\\\/sv\\\/vi-presenterar-var-nya-semesterbostad-villa-seaview-i-punta-lara-nerja\\\/\",\"name\":\"Vi presenterar v\u00e5r nya semesterbostad Villa Seaview i Punta Lara, Nerja - Blog Casasol\",\"isPartOf\":{\"@id\":\"https:\\\/\\\/blog.nerjaholidayrentals.com\\\/sv\\\/#website\"},\"primaryImageOfPage\":{\"@id\":\"https:\\\/\\\/blog.nerjaholidayrentals.com\\\/sv\\\/vi-presenterar-var-nya-semesterbostad-villa-seaview-i-punta-lara-nerja\\\/#primaryimage\"},\"image\":{\"@id\":\"https:\\\/\\\/blog.nerjaholidayrentals.com\\\/sv\\\/vi-presenterar-var-nya-semesterbostad-villa-seaview-i-punta-lara-nerja\\\/#primaryimage\"},\"thumbnailUrl\":\"https:\\\/\\\/blog.nerjaholidayrentals.com\\\/wp-content\\\/uploads\\\/2023\\\/03\\\/JRB06085.jpg\",\"datePublished\":\"2023-03-20T09:24:00+00:00\",\"dateModified\":\"2023-03-29T09:28:30+00:00\",\"author\":{\"@id\":\"https:\\\/\\\/blog.nerjaholidayrentals.com\\\/sv\\\/#\\\/schema\\\/person\\\/43e8d745daf7665000059fd9938f938b\"},\"description\":\"Letar du efter en fantastisk semesterbostad i den vackra staden Nerja? S\u00f6k inte l\u00e4ngre \u00e4n till Villa Seaview i Punta Lara, som nu kan hyras via Nerja Holiday Rentals.\",\"breadcrumb\":{\"@id\":\"https:\\\/\\\/blog.nerjaholidayrentals.com\\\/sv\\\/vi-presenterar-var-nya-semesterbostad-villa-seaview-i-punta-lara-nerja\\\/#breadcrumb\"},\"inLanguage\":\"sv-SE\",\"potentialAction\":[{\"@type\":\"ReadAction\",\"target\":[\"https:\\\/\\\/blog.nerjaholidayrentals.com\\\/sv\\\/vi-presenterar-var-nya-semesterbostad-villa-seaview-i-punta-lara-nerja\\\/\"]}]},{\"@type\":\"ImageObject\",\"inLanguage\":\"sv-SE\",\"@id\":\"https:\\\/\\\/blog.nerjaholidayrentals.com\\\/sv\\\/vi-presenterar-var-nya-semesterbostad-villa-seaview-i-punta-lara-nerja\\\/#primaryimage\",\"url\":\"https:\\\/\\\/blog.nerjaholidayrentals.com\\\/wp-content\\\/uploads\\\/2023\\\/03\\\/JRB06085.jpg\",\"contentUrl\":\"https:\\\/\\\/blog.nerjaholidayrentals.com\\\/wp-content\\\/uploads\\\/2023\\\/03\\\/JRB06085.jpg\",\"width\":1620,\"height\":1080},{\"@type\":\"BreadcrumbList\",\"@id\":\"https:\\\/\\\/blog.nerjaholidayrentals.com\\\/sv\\\/vi-presenterar-var-nya-semesterbostad-villa-seaview-i-punta-lara-nerja\\\/#breadcrumb\",\"itemListElement\":[{\"@type\":\"ListItem\",\"position\":1,\"name\":\"Home\",\"item\":\"https:\\\/\\\/blog.nerjaholidayrentals.com\\\/sv\\\/\"},{\"@type\":\"ListItem\",\"position\":2,\"name\":\"Vi presenterar v\u00e5r nya semesterbostad Villa Seaview i Punta Lara, Nerja\"}]},{\"@type\":\"WebSite\",\"@id\":\"https:\\\/\\\/blog.nerjaholidayrentals.com\\\/sv\\\/#website\",\"url\":\"https:\\\/\\\/blog.nerjaholidayrentals.com\\\/sv\\\/\",\"name\":\"Blog Casasol\",\"description\":\"Just another  site\",\"potentialAction\":[{\"@type\":\"SearchAction\",\"target\":{\"@type\":\"EntryPoint\",\"urlTemplate\":\"https:\\\/\\\/blog.nerjaholidayrentals.com\\\/sv\\\/?s={search_term_string}\"},\"query-input\":{\"@type\":\"PropertyValueSpecification\",\"valueRequired\":true,\"valueName\":\"search_term_string\"}}],\"inLanguage\":\"sv-SE\"},{\"@type\":\"Person\",\"@id\":\"https:\\\/\\\/blog.nerjaholidayrentals.com\\\/sv\\\/#\\\/schema\\\/person\\\/43e8d745daf7665000059fd9938f938b\",\"name\":\"Jos\u00e9 Mateos\",\"image\":{\"@type\":\"ImageObject\",\"inLanguage\":\"sv-SE\",\"@id\":\"https:\\\/\\\/secure.gravatar.com\\\/avatar\\\/ea5d177909ad5cbda723c04542224e0c5423e7df272f6d9ab17db762dc204add?s=96&d=mm&r=g\",\"url\":\"https:\\\/\\\/secure.gravatar.com\\\/avatar\\\/ea5d177909ad5cbda723c04542224e0c5423e7df272f6d9ab17db762dc204add?s=96&d=mm&r=g\",\"contentUrl\":\"https:\\\/\\\/secure.gravatar.com\\\/avatar\\\/ea5d177909ad5cbda723c04542224e0c5423e7df272f6d9ab17db762dc204add?s=96&d=mm&r=g\",\"caption\":\"Jos\u00e9 Mateos\"},\"sameAs\":[\"https:\\\/\\\/www.nerjaholidayrentals.com\\\/\",\"https:\\\/\\\/www.facebook.com\\\/CasasolHoliday\",\"https:\\\/\\\/www.instagram.com\\\/casasolholiday\\\/\",\"https:\\\/\\\/x.com\\\/CasasolHoliday\"],\"url\":\"https:\\\/\\\/blog.nerjaholidayrentals.com\\\/sv\\\/author\\\/nerjaholidays\\\/\"}]}<\/script>\n<!-- \/ Yoast SEO plugin. -->","yoast_head_json":{"title":"Vi presenterar v\u00e5r nya semesterbostad Villa Seaview i Punta Lara, Nerja - Blog Casasol","description":"Letar du efter en fantastisk semesterbostad i den vackra staden Nerja? S\u00f6k inte l\u00e4ngre \u00e4n till Villa Seaview i Punta Lara, som nu kan hyras via Nerja Holiday Rentals.","robots":{"index":"index","follow":"follow","max-snippet":"max-snippet:-1","max-image-preview":"max-image-preview:large","max-video-preview":"max-video-preview:-1"},"canonical":"https:\/\/blog.nerjaholidayrentals.com\/sv\/vi-presenterar-var-nya-semesterbostad-villa-seaview-i-punta-lara-nerja\/","og_locale":"sv_SE","og_type":"article","og_title":"Vi presenterar v\u00e5r nya semesterbostad Villa Seaview i Punta Lara, Nerja - Blog Casasol","og_description":"Letar du efter en fantastisk semesterbostad i den vackra staden Nerja? S\u00f6k inte l\u00e4ngre \u00e4n till Villa Seaview i Punta Lara, som nu kan hyras via Nerja Holiday Rentals.","og_url":"https:\/\/blog.nerjaholidayrentals.com\/sv\/vi-presenterar-var-nya-semesterbostad-villa-seaview-i-punta-lara-nerja\/","og_site_name":"Blog Casasol","article_author":"https:\/\/www.facebook.com\/CasasolHoliday","article_published_time":"2023-03-20T09:24:00+00:00","article_modified_time":"2023-03-29T09:28:30+00:00","og_image":[{"width":1620,"height":1080,"url":"https:\/\/blog.nerjaholidayrentals.com\/wp-content\/uploads\/2023\/03\/JRB06085.jpg","type":"image\/jpeg"}],"author":"Jos\u00e9 Mateos","twitter_card":"summary_large_image","twitter_creator":"@CasasolHoliday","twitter_misc":{"Skriven av":"Jos\u00e9 Mateos","Ber\u00e4knad l\u00e4stid":"2 minuter"},"schema":{"@context":"https:\/\/schema.org","@graph":[{"@type":"Article","@id":"https:\/\/blog.nerjaholidayrentals.com\/sv\/vi-presenterar-var-nya-semesterbostad-villa-seaview-i-punta-lara-nerja\/#article","isPartOf":{"@id":"https:\/\/blog.nerjaholidayrentals.com\/sv\/vi-presenterar-var-nya-semesterbostad-villa-seaview-i-punta-lara-nerja\/"},"author":{"name":"Jos\u00e9 Mateos","@id":"https:\/\/blog.nerjaholidayrentals.com\/sv\/#\/schema\/person\/43e8d745daf7665000059fd9938f938b"},"headline":"Vi presenterar v\u00e5r nya semesterbostad Villa Seaview i Punta Lara, Nerja","datePublished":"2023-03-20T09:24:00+00:00","dateModified":"2023-03-29T09:28:30+00:00","mainEntityOfPage":{"@id":"https:\/\/blog.nerjaholidayrentals.com\/sv\/vi-presenterar-var-nya-semesterbostad-villa-seaview-i-punta-lara-nerja\/"},"wordCount":379,"commentCount":0,"image":{"@id":"https:\/\/blog.nerjaholidayrentals.com\/sv\/vi-presenterar-var-nya-semesterbostad-villa-seaview-i-punta-lara-nerja\/#primaryimage"},"thumbnailUrl":"https:\/\/blog.nerjaholidayrentals.com\/wp-content\/uploads\/2023\/03\/JRB06085.jpg","articleSection":["Nerja"],"inLanguage":"sv-SE","potentialAction":[{"@type":"CommentAction","name":"Comment","target":["https:\/\/blog.nerjaholidayrentals.com\/sv\/vi-presenterar-var-nya-semesterbostad-villa-seaview-i-punta-lara-nerja\/#respond"]}]},{"@type":"WebPage","@id":"https:\/\/blog.nerjaholidayrentals.com\/sv\/vi-presenterar-var-nya-semesterbostad-villa-seaview-i-punta-lara-nerja\/","url":"https:\/\/blog.nerjaholidayrentals.com\/sv\/vi-presenterar-var-nya-semesterbostad-villa-seaview-i-punta-lara-nerja\/","name":"Vi presenterar v\u00e5r nya semesterbostad Villa Seaview i Punta Lara, Nerja - Blog Casasol","isPartOf":{"@id":"https:\/\/blog.nerjaholidayrentals.com\/sv\/#website"},"primaryImageOfPage":{"@id":"https:\/\/blog.nerjaholidayrentals.com\/sv\/vi-presenterar-var-nya-semesterbostad-villa-seaview-i-punta-lara-nerja\/#primaryimage"},"image":{"@id":"https:\/\/blog.nerjaholidayrentals.com\/sv\/vi-presenterar-var-nya-semesterbostad-villa-seaview-i-punta-lara-nerja\/#primaryimage"},"thumbnailUrl":"https:\/\/blog.nerjaholidayrentals.com\/wp-content\/uploads\/2023\/03\/JRB06085.jpg","datePublished":"2023-03-20T09:24:00+00:00","dateModified":"2023-03-29T09:28:30+00:00","author":{"@id":"https:\/\/blog.nerjaholidayrentals.com\/sv\/#\/schema\/person\/43e8d745daf7665000059fd9938f938b"},"description":"Letar du efter en fantastisk semesterbostad i den vackra staden Nerja? S\u00f6k inte l\u00e4ngre \u00e4n till Villa Seaview i Punta Lara, som nu kan hyras via Nerja Holiday Rentals.","breadcrumb":{"@id":"https:\/\/blog.nerjaholidayrentals.com\/sv\/vi-presenterar-var-nya-semesterbostad-villa-seaview-i-punta-lara-nerja\/#breadcrumb"},"inLanguage":"sv-SE","potentialAction":[{"@type":"ReadAction","target":["https:\/\/blog.nerjaholidayrentals.com\/sv\/vi-presenterar-var-nya-semesterbostad-villa-seaview-i-punta-lara-nerja\/"]}]},{"@type":"ImageObject","inLanguage":"sv-SE","@id":"https:\/\/blog.nerjaholidayrentals.com\/sv\/vi-presenterar-var-nya-semesterbostad-villa-seaview-i-punta-lara-nerja\/#primaryimage","url":"https:\/\/blog.nerjaholidayrentals.com\/wp-content\/uploads\/2023\/03\/JRB06085.jpg","contentUrl":"https:\/\/blog.nerjaholidayrentals.com\/wp-content\/uploads\/2023\/03\/JRB06085.jpg","width":1620,"height":1080},{"@type":"BreadcrumbList","@id":"https:\/\/blog.nerjaholidayrentals.com\/sv\/vi-presenterar-var-nya-semesterbostad-villa-seaview-i-punta-lara-nerja\/#breadcrumb","itemListElement":[{"@type":"ListItem","position":1,"name":"Home","item":"https:\/\/blog.nerjaholidayrentals.com\/sv\/"},{"@type":"ListItem","position":2,"name":"Vi presenterar v\u00e5r nya semesterbostad Villa Seaview i Punta Lara, Nerja"}]},{"@type":"WebSite","@id":"https:\/\/blog.nerjaholidayrentals.com\/sv\/#website","url":"https:\/\/blog.nerjaholidayrentals.com\/sv\/","name":"Blog Casasol","description":"Just another  site","potentialAction":[{"@type":"SearchAction","target":{"@type":"EntryPoint","urlTemplate":"https:\/\/blog.nerjaholidayrentals.com\/sv\/?s={search_term_string}"},"query-input":{"@type":"PropertyValueSpecification","valueRequired":true,"valueName":"search_term_string"}}],"inLanguage":"sv-SE"},{"@type":"Person","@id":"https:\/\/blog.nerjaholidayrentals.com\/sv\/#\/schema\/person\/43e8d745daf7665000059fd9938f938b","name":"Jos\u00e9 Mateos","image":{"@type":"ImageObject","inLanguage":"sv-SE","@id":"https:\/\/secure.gravatar.com\/avatar\/ea5d177909ad5cbda723c04542224e0c5423e7df272f6d9ab17db762dc204add?s=96&d=mm&r=g","url":"https:\/\/secure.gravatar.com\/avatar\/ea5d177909ad5cbda723c04542224e0c5423e7df272f6d9ab17db762dc204add?s=96&d=mm&r=g","contentUrl":"https:\/\/secure.gravatar.com\/avatar\/ea5d177909ad5cbda723c04542224e0c5423e7df272f6d9ab17db762dc204add?s=96&d=mm&r=g","caption":"Jos\u00e9 Mateos"},"sameAs":["https:\/\/www.nerjaholidayrentals.com\/","https:\/\/www.facebook.com\/CasasolHoliday","https:\/\/www.instagram.com\/casasolholiday\/","https:\/\/x.com\/CasasolHoliday"],"url":"https:\/\/blog.nerjaholidayrentals.com\/sv\/author\/nerjaholidays\/"}]}},"_links":{"self":[{"href":"https:\/\/blog.nerjaholidayrentals.com\/sv\/wp-json\/wp\/v2\/posts\/3273","targetHints":{"allow":["GET"]}}],"collection":[{"href":"https:\/\/blog.nerjaholidayrentals.com\/sv\/wp-json\/wp\/v2\/posts"}],"about":[{"href":"https:\/\/blog.nerjaholidayrentals.com\/sv\/wp-json\/wp\/v2\/types\/post"}],"author":[{"embeddable":true,"href":"https:\/\/blog.nerjaholidayrentals.com\/sv\/wp-json\/wp\/v2\/users\/34"}],"replies":[{"embeddable":true,"href":"https:\/\/blog.nerjaholidayrentals.com\/sv\/wp-json\/wp\/v2\/comments?post=3273"}],"version-history":[{"count":1,"href":"https:\/\/blog.nerjaholidayrentals.com\/sv\/wp-json\/wp\/v2\/posts\/3273\/revisions"}],"predecessor-version":[{"id":3274,"href":"https:\/\/blog.nerjaholidayrentals.com\/sv\/wp-json\/wp\/v2\/posts\/3273\/revisions\/3274"}],"wp:featuredmedia":[{"embeddable":true,"href":"https:\/\/blog.nerjaholidayrentals.com\/sv\/wp-json\/wp\/v2\/media\/3262"}],"wp:attachment":[{"href":"https:\/\/blog.nerjaholidayrentals.com\/sv\/wp-json\/wp\/v2\/media?parent=3273"}],"wp:term":[{"taxonomy":"category","embeddable":true,"href":"https:\/\/blog.nerjaholidayrentals.com\/sv\/wp-json\/wp\/v2\/categories?post=3273"},{"taxonomy":"post_tag","embeddable":true,"href":"https:\/\/blog.nerjaholidayrentals.com\/sv\/wp-json\/wp\/v2\/tags?post=3273"}],"curies":[{"name":"wp","href":"https:\/\/api.w.org\/{rel}","templated":true}]}}