{"id":4657,"date":"2024-03-25T20:38:38","date_gmt":"2024-03-25T20:38:38","guid":{"rendered":"https:\/\/blog.nerjaholidayrentals.com\/?p=4657"},"modified":"2024-03-25T20:38:39","modified_gmt":"2024-03-25T20:38:39","slug":"la-vie-de-luxe-se-devoile-a-terrazas-de-ladera-duplex-3","status":"publish","type":"post","link":"https:\/\/blog.nerjaholidayrentals.com\/fr\/la-vie-de-luxe-se-devoile-a-terrazas-de-ladera-duplex-3\/","title":{"rendered":"La vie de luxe se d\u00e9voile \u00e0 Terrazas de Ladera Duplex 3"},"content":{"rendered":"\n<p>Nich\u00e9 dans le c\u00e9l\u00e8bre complexe Terrazas de Ladera, un nouveau joyau est apparu, promettant un m\u00e9lange in\u00e9gal\u00e9 d&rsquo;opulence et de confort. Terrazas de Ladera Duplex 3, une propri\u00e9t\u00e9 r\u00e9cemment class\u00e9e, est un t\u00e9moignage de la vie de luxe au c\u0153ur de Nerja.<\/p>\n\n\n\n<p>Au c\u0153ur du complexe Terrazas de Ladera, tr\u00e8s pris\u00e9 \u00e0 Nerja, se trouve une retraite exquise qui attend les voyageurs les plus exigeants. R\u00e9cemment d\u00e9voil\u00e9, le Terrazas de Ladera Duplex 3 offre une symphonie de luxe et de sophistication, promettant une escapade inoubliable \u00e0 ceux qui recherchent les meilleures choses de la vie.<\/p>\n\n\n\n<p>Lorsque les portes de Terrazas de Ladera Duplex 3 s&rsquo;ouvrent, les clients sont accueillis par une ambiance d&rsquo;\u00e9l\u00e9gance raffin\u00e9e. L&rsquo;am\u00e9nagement du duplex, m\u00e9ticuleusement con\u00e7u pour accueillir jusqu&rsquo;\u00e0 4 personnes, d\u00e9gage une impression d&rsquo;espace et de tranquillit\u00e9. Avec trois chambres soigneusement con\u00e7ues pour r\u00e9pondre \u00e0 tous les besoins, les h\u00f4tes sont invit\u00e9s \u00e0 se d\u00e9tendre et \u00e0 se laisser aller dans un confort absolu.<\/p>\n\n\n\n<p>Entrez et d\u00e9couvrez un monde de luxe contemporain. L&rsquo;espace de vie, orn\u00e9 d&rsquo;un mobilier \u00e9l\u00e9gant et d&rsquo;accents modernes, offre un sanctuaire pour la relaxation et le rajeunissement. De la cuisine ultramoderne \u00e9quip\u00e9e d&rsquo;appareils haut de gamme aux chambres spacieuses dot\u00e9es de matelas de haute qualit\u00e9, aucun d\u00e9tail n&rsquo;a \u00e9t\u00e9 n\u00e9glig\u00e9 pour vous garantir un s\u00e9jour vraiment luxueux.<\/p>\n\n\n\n<p>Aventurez-vous \u00e0 l&rsquo;ext\u00e9rieur pour d\u00e9couvrir un havre de s\u00e9r\u00e9nit\u00e9 et des vues panoramiques. La vaste terrasse vous invite \u00e0 vous pr\u00e9lasser sous le chaud soleil m\u00e9diterran\u00e9en, tandis que la terrasse sur le toit invite \u00e0 des r\u00e9unions intimes sous le ciel \u00e9toil\u00e9. Qu&rsquo;il s&rsquo;agisse de savourer un petit-d\u00e9jeuner tranquille ou d&rsquo;organiser une soir\u00e9e au coucher du soleil, ces espaces ext\u00e9rieurs sont le th\u00e9\u00e2tre de moments inoubliables.<\/p>\n\n\n\n<blockquote class=\"wp-block-quote is-layout-flow wp-block-quote-is-layout-flow\"><p>Pour ceux qui recherchent une touche d&rsquo;extravagance, Terrazas de Ladera Duplex 3 offre une opportunit\u00e9 exclusive. Avec le code de r\u00e9duction \u00ab\u00a0SUNNYDEAL\u00a0\u00bb, les clients peuvent b\u00e9n\u00e9ficier d&rsquo;une r\u00e9duction de 10% sur les 3 prochaines r\u00e9servations, rendant le luxe plus accessible que jamais.<\/p><\/blockquote>\n\n\n\n<p><a href=\"https:\/\/www.nerjaholidayrentals.fr\/location\/appartement-nerja-terrazas-de-ladera-duplex-3-casasol-475958.html\" target=\"_blank\" aria-label=\"undefined (opens in a new tab)\" rel=\"noreferrer noopener\">R\u00e9servez ici en ligne votre appartement de luxe Terrazas de Ladera Nerja<\/a><\/p>\n\n\n\n<p>L&rsquo;attrait du Terrazas de Ladera Duplex 3 ne se limite pas \u00e0 ses int\u00e9rieurs captivants. Les clients sont invit\u00e9s \u00e0 profiter de la luxueuse piscine commune, ouverte toute l&rsquo;ann\u00e9e. En outre, le WiFi Starlink \u00e0 haut d\u00e9bit et les cha\u00eenes de t\u00e9l\u00e9vision internationales garantissent une connectivit\u00e9 sans faille tout au long de votre s\u00e9jour, tandis que le parking priv\u00e9 vous offre commodit\u00e9 et tranquillit\u00e9 d&rsquo;esprit.<\/p>\n\n\n\n<p>\u00c0 Terrazas de Ladera Duplex 3, l&rsquo;hospitalit\u00e9 r\u00e8gne en ma\u00eetre. Les clients peuvent s&rsquo;attendre \u00e0 un accueil chaleureux et \u00e0 un service personnalis\u00e9 de la part de responsables d&rsquo;accueil d\u00e9vou\u00e9s, qui veilleront \u00e0 ce que l&rsquo;enregistrement se d\u00e9roule sans encombre et vous aideront \u00e0 r\u00e9pondre \u00e0 toutes vos questions ou demandes pendant votre s\u00e9jour.<\/p>\n\n\n\n<p>Terrazas de Ladera Duplex 3 est le symbole d&rsquo;un mode de vie luxueux, invitant les clients \u00e0 s&#8217;embarquer pour un voyage inoubliable d&rsquo;indulgence et de relaxation. Avec son design impeccable, ses vues \u00e0 couper le souffle et ses \u00e9quipements in\u00e9gal\u00e9s, cette nouvelle propri\u00e9t\u00e9 promet une exp\u00e9rience de vacances exceptionnelle au c\u0153ur de Nerja.<\/p>\n","protected":false},"excerpt":{"rendered":"<p>Nich\u00e9 dans le c\u00e9l\u00e8bre complexe Terrazas de Ladera, un nouveau joyau est apparu, promettant un m\u00e9lange in\u00e9gal\u00e9 d&rsquo;opulence et de&#8230;<\/p>\n","protected":false},"author":34,"featured_media":4640,"comment_status":"open","ping_status":"closed","sticky":false,"template":"","format":"standard","meta":{"footnotes":""},"categories":[110],"tags":[],"class_list":["post-4657","post","type-post","status-publish","format-standard","has-post-thumbnail","hentry","category-nerja-4"],"yoast_head":"<!-- This site is optimized with the Yoast SEO plugin v27.5 - https:\/\/yoast.com\/product\/yoast-seo-wordpress\/ -->\n<title>La vie de luxe se d\u00e9voile \u00e0 Terrazas de Ladera Duplex 3 - Blog Casasol<\/title>\n<meta name=\"description\" content=\"Terrazas de Ladera Duplex 3 offre une opportunit\u00e9 exclusive. Avec le code de r\u00e9duction &quot;SUNNYDEAL&quot;, les clients peuvent b\u00e9n\u00e9ficier d&#039;une r\u00e9duction de 10% sur les 3 prochaines r\u00e9servations\" \/>\n<meta name=\"robots\" content=\"index, follow, max-snippet:-1, max-image-preview:large, max-video-preview:-1\" \/>\n<link rel=\"canonical\" href=\"https:\/\/blog.nerjaholidayrentals.com\/fr\/la-vie-de-luxe-se-devoile-a-terrazas-de-ladera-duplex-3\/\" \/>\n<meta property=\"og:locale\" content=\"fr_FR\" \/>\n<meta property=\"og:type\" content=\"article\" \/>\n<meta property=\"og:title\" content=\"La vie de luxe se d\u00e9voile \u00e0 Terrazas de Ladera Duplex 3 - Blog Casasol\" \/>\n<meta property=\"og:description\" content=\"Terrazas de Ladera Duplex 3 offre une opportunit\u00e9 exclusive. Avec le code de r\u00e9duction &quot;SUNNYDEAL&quot;, les clients peuvent b\u00e9n\u00e9ficier d&#039;une r\u00e9duction de 10% sur les 3 prochaines r\u00e9servations\" \/>\n<meta property=\"og:url\" content=\"https:\/\/blog.nerjaholidayrentals.com\/fr\/la-vie-de-luxe-se-devoile-a-terrazas-de-ladera-duplex-3\/\" \/>\n<meta property=\"og:site_name\" content=\"Blog Casasol\" \/>\n<meta property=\"article:author\" content=\"https:\/\/www.facebook.com\/CasasolHoliday\" \/>\n<meta property=\"article:published_time\" content=\"2024-03-25T20:38:38+00:00\" \/>\n<meta property=\"article:modified_time\" content=\"2024-03-25T20:38:39+00:00\" \/>\n<meta property=\"og:image\" content=\"https:\/\/blog.nerjaholidayrentals.com\/wp-content\/uploads\/2024\/03\/JRB00904.jpg\" \/>\n\t<meta property=\"og:image:width\" content=\"1620\" \/>\n\t<meta property=\"og:image:height\" content=\"1080\" \/>\n\t<meta property=\"og:image:type\" content=\"image\/jpeg\" \/>\n<meta name=\"author\" content=\"Jos\u00e9 Mateos\" \/>\n<meta name=\"twitter:card\" content=\"summary_large_image\" \/>\n<meta name=\"twitter:creator\" content=\"@CasasolHoliday\" \/>\n<meta name=\"twitter:label1\" content=\"\u00c9crit par\" \/>\n\t<meta name=\"twitter:data1\" content=\"Jos\u00e9 Mateos\" \/>\n\t<meta name=\"twitter:label2\" content=\"Dur\u00e9e de lecture estim\u00e9e\" \/>\n\t<meta name=\"twitter:data2\" content=\"3 minutes\" \/>\n<script type=\"application\/ld+json\" class=\"yoast-schema-graph\">{\"@context\":\"https:\\\/\\\/schema.org\",\"@graph\":[{\"@type\":\"Article\",\"@id\":\"https:\\\/\\\/blog.nerjaholidayrentals.com\\\/fr\\\/la-vie-de-luxe-se-devoile-a-terrazas-de-ladera-duplex-3\\\/#article\",\"isPartOf\":{\"@id\":\"https:\\\/\\\/blog.nerjaholidayrentals.com\\\/fr\\\/la-vie-de-luxe-se-devoile-a-terrazas-de-ladera-duplex-3\\\/\"},\"author\":{\"name\":\"Jos\u00e9 Mateos\",\"@id\":\"https:\\\/\\\/blog.nerjaholidayrentals.com\\\/fr\\\/#\\\/schema\\\/person\\\/43e8d745daf7665000059fd9938f938b\"},\"headline\":\"La vie de luxe se d\u00e9voile \u00e0 Terrazas de Ladera Duplex 3\",\"datePublished\":\"2024-03-25T20:38:38+00:00\",\"dateModified\":\"2024-03-25T20:38:39+00:00\",\"mainEntityOfPage\":{\"@id\":\"https:\\\/\\\/blog.nerjaholidayrentals.com\\\/fr\\\/la-vie-de-luxe-se-devoile-a-terrazas-de-ladera-duplex-3\\\/\"},\"wordCount\":584,\"commentCount\":0,\"image\":{\"@id\":\"https:\\\/\\\/blog.nerjaholidayrentals.com\\\/fr\\\/la-vie-de-luxe-se-devoile-a-terrazas-de-ladera-duplex-3\\\/#primaryimage\"},\"thumbnailUrl\":\"https:\\\/\\\/blog.nerjaholidayrentals.com\\\/wp-content\\\/uploads\\\/2024\\\/03\\\/JRB00904.jpg\",\"articleSection\":[\"Nerja\"],\"inLanguage\":\"fr-FR\",\"potentialAction\":[{\"@type\":\"CommentAction\",\"name\":\"Comment\",\"target\":[\"https:\\\/\\\/blog.nerjaholidayrentals.com\\\/fr\\\/la-vie-de-luxe-se-devoile-a-terrazas-de-ladera-duplex-3\\\/#respond\"]}]},{\"@type\":\"WebPage\",\"@id\":\"https:\\\/\\\/blog.nerjaholidayrentals.com\\\/fr\\\/la-vie-de-luxe-se-devoile-a-terrazas-de-ladera-duplex-3\\\/\",\"url\":\"https:\\\/\\\/blog.nerjaholidayrentals.com\\\/fr\\\/la-vie-de-luxe-se-devoile-a-terrazas-de-ladera-duplex-3\\\/\",\"name\":\"La vie de luxe se d\u00e9voile \u00e0 Terrazas de Ladera Duplex 3 - Blog Casasol\",\"isPartOf\":{\"@id\":\"https:\\\/\\\/blog.nerjaholidayrentals.com\\\/fr\\\/#website\"},\"primaryImageOfPage\":{\"@id\":\"https:\\\/\\\/blog.nerjaholidayrentals.com\\\/fr\\\/la-vie-de-luxe-se-devoile-a-terrazas-de-ladera-duplex-3\\\/#primaryimage\"},\"image\":{\"@id\":\"https:\\\/\\\/blog.nerjaholidayrentals.com\\\/fr\\\/la-vie-de-luxe-se-devoile-a-terrazas-de-ladera-duplex-3\\\/#primaryimage\"},\"thumbnailUrl\":\"https:\\\/\\\/blog.nerjaholidayrentals.com\\\/wp-content\\\/uploads\\\/2024\\\/03\\\/JRB00904.jpg\",\"datePublished\":\"2024-03-25T20:38:38+00:00\",\"dateModified\":\"2024-03-25T20:38:39+00:00\",\"author\":{\"@id\":\"https:\\\/\\\/blog.nerjaholidayrentals.com\\\/fr\\\/#\\\/schema\\\/person\\\/43e8d745daf7665000059fd9938f938b\"},\"description\":\"Terrazas de Ladera Duplex 3 offre une opportunit\u00e9 exclusive. Avec le code de r\u00e9duction \\\"SUNNYDEAL\\\", les clients peuvent b\u00e9n\u00e9ficier d'une r\u00e9duction de 10% sur les 3 prochaines r\u00e9servations\",\"breadcrumb\":{\"@id\":\"https:\\\/\\\/blog.nerjaholidayrentals.com\\\/fr\\\/la-vie-de-luxe-se-devoile-a-terrazas-de-ladera-duplex-3\\\/#breadcrumb\"},\"inLanguage\":\"fr-FR\",\"potentialAction\":[{\"@type\":\"ReadAction\",\"target\":[\"https:\\\/\\\/blog.nerjaholidayrentals.com\\\/fr\\\/la-vie-de-luxe-se-devoile-a-terrazas-de-ladera-duplex-3\\\/\"]}]},{\"@type\":\"ImageObject\",\"inLanguage\":\"fr-FR\",\"@id\":\"https:\\\/\\\/blog.nerjaholidayrentals.com\\\/fr\\\/la-vie-de-luxe-se-devoile-a-terrazas-de-ladera-duplex-3\\\/#primaryimage\",\"url\":\"https:\\\/\\\/blog.nerjaholidayrentals.com\\\/wp-content\\\/uploads\\\/2024\\\/03\\\/JRB00904.jpg\",\"contentUrl\":\"https:\\\/\\\/blog.nerjaholidayrentals.com\\\/wp-content\\\/uploads\\\/2024\\\/03\\\/JRB00904.jpg\",\"width\":1620,\"height\":1080},{\"@type\":\"BreadcrumbList\",\"@id\":\"https:\\\/\\\/blog.nerjaholidayrentals.com\\\/fr\\\/la-vie-de-luxe-se-devoile-a-terrazas-de-ladera-duplex-3\\\/#breadcrumb\",\"itemListElement\":[{\"@type\":\"ListItem\",\"position\":1,\"name\":\"Home\",\"item\":\"https:\\\/\\\/blog.nerjaholidayrentals.com\\\/fr\\\/\"},{\"@type\":\"ListItem\",\"position\":2,\"name\":\"La vie de luxe se d\u00e9voile \u00e0 Terrazas de Ladera Duplex 3\"}]},{\"@type\":\"WebSite\",\"@id\":\"https:\\\/\\\/blog.nerjaholidayrentals.com\\\/fr\\\/#website\",\"url\":\"https:\\\/\\\/blog.nerjaholidayrentals.com\\\/fr\\\/\",\"name\":\"Blog Casasol\",\"description\":\"Just another  site\",\"potentialAction\":[{\"@type\":\"SearchAction\",\"target\":{\"@type\":\"EntryPoint\",\"urlTemplate\":\"https:\\\/\\\/blog.nerjaholidayrentals.com\\\/fr\\\/?s={search_term_string}\"},\"query-input\":{\"@type\":\"PropertyValueSpecification\",\"valueRequired\":true,\"valueName\":\"search_term_string\"}}],\"inLanguage\":\"fr-FR\"},{\"@type\":\"Person\",\"@id\":\"https:\\\/\\\/blog.nerjaholidayrentals.com\\\/fr\\\/#\\\/schema\\\/person\\\/43e8d745daf7665000059fd9938f938b\",\"name\":\"Jos\u00e9 Mateos\",\"image\":{\"@type\":\"ImageObject\",\"inLanguage\":\"fr-FR\",\"@id\":\"https:\\\/\\\/secure.gravatar.com\\\/avatar\\\/ea5d177909ad5cbda723c04542224e0c5423e7df272f6d9ab17db762dc204add?s=96&d=mm&r=g\",\"url\":\"https:\\\/\\\/secure.gravatar.com\\\/avatar\\\/ea5d177909ad5cbda723c04542224e0c5423e7df272f6d9ab17db762dc204add?s=96&d=mm&r=g\",\"contentUrl\":\"https:\\\/\\\/secure.gravatar.com\\\/avatar\\\/ea5d177909ad5cbda723c04542224e0c5423e7df272f6d9ab17db762dc204add?s=96&d=mm&r=g\",\"caption\":\"Jos\u00e9 Mateos\"},\"sameAs\":[\"https:\\\/\\\/www.nerjaholidayrentals.com\\\/\",\"https:\\\/\\\/www.facebook.com\\\/CasasolHoliday\",\"https:\\\/\\\/www.instagram.com\\\/casasolholiday\\\/\",\"https:\\\/\\\/x.com\\\/CasasolHoliday\"],\"url\":\"https:\\\/\\\/blog.nerjaholidayrentals.com\\\/fr\\\/author\\\/nerjaholidays\\\/\"}]}<\/script>\n<!-- \/ Yoast SEO plugin. -->","yoast_head_json":{"title":"La vie de luxe se d\u00e9voile \u00e0 Terrazas de Ladera Duplex 3 - Blog Casasol","description":"Terrazas de Ladera Duplex 3 offre une opportunit\u00e9 exclusive. Avec le code de r\u00e9duction \"SUNNYDEAL\", les clients peuvent b\u00e9n\u00e9ficier d'une r\u00e9duction de 10% sur les 3 prochaines r\u00e9servations","robots":{"index":"index","follow":"follow","max-snippet":"max-snippet:-1","max-image-preview":"max-image-preview:large","max-video-preview":"max-video-preview:-1"},"canonical":"https:\/\/blog.nerjaholidayrentals.com\/fr\/la-vie-de-luxe-se-devoile-a-terrazas-de-ladera-duplex-3\/","og_locale":"fr_FR","og_type":"article","og_title":"La vie de luxe se d\u00e9voile \u00e0 Terrazas de Ladera Duplex 3 - Blog Casasol","og_description":"Terrazas de Ladera Duplex 3 offre une opportunit\u00e9 exclusive. Avec le code de r\u00e9duction \"SUNNYDEAL\", les clients peuvent b\u00e9n\u00e9ficier d'une r\u00e9duction de 10% sur les 3 prochaines r\u00e9servations","og_url":"https:\/\/blog.nerjaholidayrentals.com\/fr\/la-vie-de-luxe-se-devoile-a-terrazas-de-ladera-duplex-3\/","og_site_name":"Blog Casasol","article_author":"https:\/\/www.facebook.com\/CasasolHoliday","article_published_time":"2024-03-25T20:38:38+00:00","article_modified_time":"2024-03-25T20:38:39+00:00","og_image":[{"width":1620,"height":1080,"url":"https:\/\/blog.nerjaholidayrentals.com\/wp-content\/uploads\/2024\/03\/JRB00904.jpg","type":"image\/jpeg"}],"author":"Jos\u00e9 Mateos","twitter_card":"summary_large_image","twitter_creator":"@CasasolHoliday","twitter_misc":{"\u00c9crit par":"Jos\u00e9 Mateos","Dur\u00e9e de lecture estim\u00e9e":"3 minutes"},"schema":{"@context":"https:\/\/schema.org","@graph":[{"@type":"Article","@id":"https:\/\/blog.nerjaholidayrentals.com\/fr\/la-vie-de-luxe-se-devoile-a-terrazas-de-ladera-duplex-3\/#article","isPartOf":{"@id":"https:\/\/blog.nerjaholidayrentals.com\/fr\/la-vie-de-luxe-se-devoile-a-terrazas-de-ladera-duplex-3\/"},"author":{"name":"Jos\u00e9 Mateos","@id":"https:\/\/blog.nerjaholidayrentals.com\/fr\/#\/schema\/person\/43e8d745daf7665000059fd9938f938b"},"headline":"La vie de luxe se d\u00e9voile \u00e0 Terrazas de Ladera Duplex 3","datePublished":"2024-03-25T20:38:38+00:00","dateModified":"2024-03-25T20:38:39+00:00","mainEntityOfPage":{"@id":"https:\/\/blog.nerjaholidayrentals.com\/fr\/la-vie-de-luxe-se-devoile-a-terrazas-de-ladera-duplex-3\/"},"wordCount":584,"commentCount":0,"image":{"@id":"https:\/\/blog.nerjaholidayrentals.com\/fr\/la-vie-de-luxe-se-devoile-a-terrazas-de-ladera-duplex-3\/#primaryimage"},"thumbnailUrl":"https:\/\/blog.nerjaholidayrentals.com\/wp-content\/uploads\/2024\/03\/JRB00904.jpg","articleSection":["Nerja"],"inLanguage":"fr-FR","potentialAction":[{"@type":"CommentAction","name":"Comment","target":["https:\/\/blog.nerjaholidayrentals.com\/fr\/la-vie-de-luxe-se-devoile-a-terrazas-de-ladera-duplex-3\/#respond"]}]},{"@type":"WebPage","@id":"https:\/\/blog.nerjaholidayrentals.com\/fr\/la-vie-de-luxe-se-devoile-a-terrazas-de-ladera-duplex-3\/","url":"https:\/\/blog.nerjaholidayrentals.com\/fr\/la-vie-de-luxe-se-devoile-a-terrazas-de-ladera-duplex-3\/","name":"La vie de luxe se d\u00e9voile \u00e0 Terrazas de Ladera Duplex 3 - Blog Casasol","isPartOf":{"@id":"https:\/\/blog.nerjaholidayrentals.com\/fr\/#website"},"primaryImageOfPage":{"@id":"https:\/\/blog.nerjaholidayrentals.com\/fr\/la-vie-de-luxe-se-devoile-a-terrazas-de-ladera-duplex-3\/#primaryimage"},"image":{"@id":"https:\/\/blog.nerjaholidayrentals.com\/fr\/la-vie-de-luxe-se-devoile-a-terrazas-de-ladera-duplex-3\/#primaryimage"},"thumbnailUrl":"https:\/\/blog.nerjaholidayrentals.com\/wp-content\/uploads\/2024\/03\/JRB00904.jpg","datePublished":"2024-03-25T20:38:38+00:00","dateModified":"2024-03-25T20:38:39+00:00","author":{"@id":"https:\/\/blog.nerjaholidayrentals.com\/fr\/#\/schema\/person\/43e8d745daf7665000059fd9938f938b"},"description":"Terrazas de Ladera Duplex 3 offre une opportunit\u00e9 exclusive. Avec le code de r\u00e9duction \"SUNNYDEAL\", les clients peuvent b\u00e9n\u00e9ficier d'une r\u00e9duction de 10% sur les 3 prochaines r\u00e9servations","breadcrumb":{"@id":"https:\/\/blog.nerjaholidayrentals.com\/fr\/la-vie-de-luxe-se-devoile-a-terrazas-de-ladera-duplex-3\/#breadcrumb"},"inLanguage":"fr-FR","potentialAction":[{"@type":"ReadAction","target":["https:\/\/blog.nerjaholidayrentals.com\/fr\/la-vie-de-luxe-se-devoile-a-terrazas-de-ladera-duplex-3\/"]}]},{"@type":"ImageObject","inLanguage":"fr-FR","@id":"https:\/\/blog.nerjaholidayrentals.com\/fr\/la-vie-de-luxe-se-devoile-a-terrazas-de-ladera-duplex-3\/#primaryimage","url":"https:\/\/blog.nerjaholidayrentals.com\/wp-content\/uploads\/2024\/03\/JRB00904.jpg","contentUrl":"https:\/\/blog.nerjaholidayrentals.com\/wp-content\/uploads\/2024\/03\/JRB00904.jpg","width":1620,"height":1080},{"@type":"BreadcrumbList","@id":"https:\/\/blog.nerjaholidayrentals.com\/fr\/la-vie-de-luxe-se-devoile-a-terrazas-de-ladera-duplex-3\/#breadcrumb","itemListElement":[{"@type":"ListItem","position":1,"name":"Home","item":"https:\/\/blog.nerjaholidayrentals.com\/fr\/"},{"@type":"ListItem","position":2,"name":"La vie de luxe se d\u00e9voile \u00e0 Terrazas de Ladera Duplex 3"}]},{"@type":"WebSite","@id":"https:\/\/blog.nerjaholidayrentals.com\/fr\/#website","url":"https:\/\/blog.nerjaholidayrentals.com\/fr\/","name":"Blog Casasol","description":"Just another  site","potentialAction":[{"@type":"SearchAction","target":{"@type":"EntryPoint","urlTemplate":"https:\/\/blog.nerjaholidayrentals.com\/fr\/?s={search_term_string}"},"query-input":{"@type":"PropertyValueSpecification","valueRequired":true,"valueName":"search_term_string"}}],"inLanguage":"fr-FR"},{"@type":"Person","@id":"https:\/\/blog.nerjaholidayrentals.com\/fr\/#\/schema\/person\/43e8d745daf7665000059fd9938f938b","name":"Jos\u00e9 Mateos","image":{"@type":"ImageObject","inLanguage":"fr-FR","@id":"https:\/\/secure.gravatar.com\/avatar\/ea5d177909ad5cbda723c04542224e0c5423e7df272f6d9ab17db762dc204add?s=96&d=mm&r=g","url":"https:\/\/secure.gravatar.com\/avatar\/ea5d177909ad5cbda723c04542224e0c5423e7df272f6d9ab17db762dc204add?s=96&d=mm&r=g","contentUrl":"https:\/\/secure.gravatar.com\/avatar\/ea5d177909ad5cbda723c04542224e0c5423e7df272f6d9ab17db762dc204add?s=96&d=mm&r=g","caption":"Jos\u00e9 Mateos"},"sameAs":["https:\/\/www.nerjaholidayrentals.com\/","https:\/\/www.facebook.com\/CasasolHoliday","https:\/\/www.instagram.com\/casasolholiday\/","https:\/\/x.com\/CasasolHoliday"],"url":"https:\/\/blog.nerjaholidayrentals.com\/fr\/author\/nerjaholidays\/"}]}},"_links":{"self":[{"href":"https:\/\/blog.nerjaholidayrentals.com\/fr\/wp-json\/wp\/v2\/posts\/4657","targetHints":{"allow":["GET"]}}],"collection":[{"href":"https:\/\/blog.nerjaholidayrentals.com\/fr\/wp-json\/wp\/v2\/posts"}],"about":[{"href":"https:\/\/blog.nerjaholidayrentals.com\/fr\/wp-json\/wp\/v2\/types\/post"}],"author":[{"embeddable":true,"href":"https:\/\/blog.nerjaholidayrentals.com\/fr\/wp-json\/wp\/v2\/users\/34"}],"replies":[{"embeddable":true,"href":"https:\/\/blog.nerjaholidayrentals.com\/fr\/wp-json\/wp\/v2\/comments?post=4657"}],"version-history":[{"count":1,"href":"https:\/\/blog.nerjaholidayrentals.com\/fr\/wp-json\/wp\/v2\/posts\/4657\/revisions"}],"predecessor-version":[{"id":4658,"href":"https:\/\/blog.nerjaholidayrentals.com\/fr\/wp-json\/wp\/v2\/posts\/4657\/revisions\/4658"}],"wp:featuredmedia":[{"embeddable":true,"href":"https:\/\/blog.nerjaholidayrentals.com\/fr\/wp-json\/wp\/v2\/media\/4640"}],"wp:attachment":[{"href":"https:\/\/blog.nerjaholidayrentals.com\/fr\/wp-json\/wp\/v2\/media?parent=4657"}],"wp:term":[{"taxonomy":"category","embeddable":true,"href":"https:\/\/blog.nerjaholidayrentals.com\/fr\/wp-json\/wp\/v2\/categories?post=4657"},{"taxonomy":"post_tag","embeddable":true,"href":"https:\/\/blog.nerjaholidayrentals.com\/fr\/wp-json\/wp\/v2\/tags?post=4657"}],"curies":[{"name":"wp","href":"https:\/\/api.w.org\/{rel}","templated":true}]}}