{"id":3267,"date":"2023-03-20T09:18:00","date_gmt":"2023-03-20T09:18:00","guid":{"rendered":"https:\/\/blog.nerjaholidayrentals.com\/?p=3267"},"modified":"2023-03-29T09:18:27","modified_gmt":"2023-03-29T09:18:27","slug":"nous-vous-presentons-notre-nouvelle-location-de-vacances-villa-seaview-a-punta-lara-nerja","status":"publish","type":"post","link":"https:\/\/blog.nerjaholidayrentals.com\/fr\/nous-vous-presentons-notre-nouvelle-location-de-vacances-villa-seaview-a-punta-lara-nerja\/","title":{"rendered":"Nous vous pr\u00e9sentons notre NOUVELLE LOCATION DE VACANCES Villa Seaview \u00e0 Punta Lara, Nerja"},"content":{"rendered":"\n<p>Tu cherches une superbe location de vacances dans la belle ville de Nerja ? La Villa Seaview \u00e0 Punta Lara est d\u00e9sormais disponible \u00e0 la location par l&rsquo;interm\u00e9diaire de Nerja Holiday Rentals.<\/p>\n\n\n\n<p>Cette luxueuse villa offre des vues \u00e0 couper le souffle sur la mer M\u00e9diterran\u00e9e, avec de vastes terrasses et balcons donnant sur l&rsquo;eau. Chaque matin, le r\u00e9veil se fait au son des vagues et le petit d\u00e9jeuner est pris sur la terrasse, sous le chaud soleil d&rsquo;Espagne.<\/p>\n\n\n\n<p>\u00c0 l&rsquo;int\u00e9rieur, la villa est magnifiquement d\u00e9cor\u00e9e avec un mobilier moderne et une cuisine enti\u00e8rement \u00e9quip\u00e9e pour tous les besoins culinaires. Le salon et la salle \u00e0 manger spacieux offrent beaucoup d&rsquo;espace pour se d\u00e9tendre et se divertir, avec de grandes fen\u00eatres pour laisser entrer la lumi\u00e8re naturelle et les vues magnifiques.<\/p>\n\n\n\n<p>La villa dispose de trois chambres et peut accueillir jusqu&rsquo;\u00e0 six personnes, ce qui la rend id\u00e9ale pour les familles ou les groupes d&rsquo;amis \u00e0 la recherche d&rsquo;une escapade relaxante. Chaque chambre dispose d&rsquo;une salle de bains privative et la chambre principale dispose d&rsquo;un balcon priv\u00e9 offrant une vue imprenable sur la mer.<\/p>\n\n\n\n<p>La Villa Seaview est situ\u00e9e \u00e0 Punta Lara, un quartier calme et pittoresque de Nerja, \u00e0 une courte distance du centre-ville. La villa est id\u00e9alement situ\u00e9e \u00e0 proximit\u00e9 de la plage et des commodit\u00e9s locales, avec de nombreuses possibilit\u00e9s d&rsquo;activit\u00e9s de plein air et d&rsquo;exploration dans les environs.<\/p>\n\n\n\n<p>Chez Nerja Holiday Rentals, nous sommes fiers de proposer des locations de vacances de grande qualit\u00e9 avec un service client\u00e8le exceptionnel. Nous sommes ravis d&rsquo;ajouter la Villa Seaview \u00e0 notre collection de propri\u00e9t\u00e9s et nous sommes impatients de partager cette superbe villa avec nos clients.<\/p>\n\n\n\n<p>Pour \u00eatre s\u00fbr d&rsquo;obtenir le meilleur prix et de ne rien manquer, nous recommandons vivement de r\u00e9server la Villa Seaview le plus t\u00f4t possible pour les prochaines vacances \u00e0 Nerja.<\/p>\n\n\n\n<p>Pour plus d&rsquo;informations et pour conna\u00eetre les disponibilit\u00e9s, consulter notre site Internet \u00e0 l&rsquo;adresse <a href=\"https:\/\/www.nerjaholidayrentals.fr\/location\/maison-nerja-villa-seaview-punta-lara-casasol-421075.html\">https:\/\/www.nerjaholidayrentals.fr\/location\/maison-nerja-villa-seaview-punta-lara-casasol-421075.html<\/a>. N&rsquo;attends pas trop longtemps pour r\u00e9server ton s\u00e9jour dans cette magnifique villa et cr\u00e9er des souvenirs inoubliables \u00e0 Nerja.<\/p>\n\n\n\n<p>R\u00e9serve d\u00e8s maintenant et commence \u00e0 planifier tes vacances de r\u00eave !<\/p>\n","protected":false},"excerpt":{"rendered":"<p>Tu cherches une superbe location de vacances dans la belle ville de Nerja ? La Villa Seaview \u00e0 Punta Lara&#8230;<\/p>\n","protected":false},"author":34,"featured_media":3257,"comment_status":"open","ping_status":"closed","sticky":false,"template":"","format":"standard","meta":{"footnotes":""},"categories":[110],"tags":[],"class_list":["post-3267","post","type-post","status-publish","format-standard","has-post-thumbnail","hentry","category-nerja-4"],"yoast_head":"<!-- This site is optimized with the Yoast SEO plugin v27.4 - https:\/\/yoast.com\/product\/yoast-seo-wordpress\/ -->\n<title>Nous vous pr\u00e9sentons notre NOUVELLE LOCATION DE VACANCES Villa Seaview \u00e0 Punta Lara, Nerja - Blog Casasol<\/title>\n<meta name=\"description\" content=\"Tu cherches une superbe location de vacances dans la belle ville de Nerja ? La Villa Seaview \u00e0 Punta Lara est d\u00e9sormais disponible \u00e0 la location par l&#039;interm\u00e9diaire de Nerja Holiday Rentals.\" \/>\n<meta name=\"robots\" content=\"index, follow, max-snippet:-1, max-image-preview:large, max-video-preview:-1\" \/>\n<link rel=\"canonical\" href=\"https:\/\/blog.nerjaholidayrentals.com\/fr\/nous-vous-presentons-notre-nouvelle-location-de-vacances-villa-seaview-a-punta-lara-nerja\/\" \/>\n<meta property=\"og:locale\" content=\"fr_FR\" \/>\n<meta property=\"og:type\" content=\"article\" \/>\n<meta property=\"og:title\" content=\"Nous vous pr\u00e9sentons notre NOUVELLE LOCATION DE VACANCES Villa Seaview \u00e0 Punta Lara, Nerja - Blog Casasol\" \/>\n<meta property=\"og:description\" content=\"Tu cherches une superbe location de vacances dans la belle ville de Nerja ? La Villa Seaview \u00e0 Punta Lara est d\u00e9sormais disponible \u00e0 la location par l&#039;interm\u00e9diaire de Nerja Holiday Rentals.\" \/>\n<meta property=\"og:url\" content=\"https:\/\/blog.nerjaholidayrentals.com\/fr\/nous-vous-presentons-notre-nouvelle-location-de-vacances-villa-seaview-a-punta-lara-nerja\/\" \/>\n<meta property=\"og:site_name\" content=\"Blog Casasol\" \/>\n<meta property=\"article:author\" content=\"https:\/\/www.facebook.com\/CasasolHoliday\" \/>\n<meta property=\"article:published_time\" content=\"2023-03-20T09:18:00+00:00\" \/>\n<meta property=\"article:modified_time\" content=\"2023-03-29T09:18:27+00:00\" \/>\n<meta property=\"og:image\" content=\"https:\/\/blog.nerjaholidayrentals.com\/wp-content\/uploads\/2023\/03\/JRB06085.jpg\" \/>\n\t<meta property=\"og:image:width\" content=\"1620\" \/>\n\t<meta property=\"og:image:height\" content=\"1080\" \/>\n\t<meta property=\"og:image:type\" content=\"image\/jpeg\" \/>\n<meta name=\"author\" content=\"Jos\u00e9 Mateos\" \/>\n<meta name=\"twitter:card\" content=\"summary_large_image\" \/>\n<meta name=\"twitter:creator\" content=\"@CasasolHoliday\" \/>\n<meta name=\"twitter:label1\" content=\"\u00c9crit par\" \/>\n\t<meta name=\"twitter:data1\" content=\"Jos\u00e9 Mateos\" \/>\n\t<meta name=\"twitter:label2\" content=\"Dur\u00e9e de lecture estim\u00e9e\" \/>\n\t<meta name=\"twitter:data2\" content=\"2 minutes\" \/>\n<script type=\"application\/ld+json\" class=\"yoast-schema-graph\">{\"@context\":\"https:\\\/\\\/schema.org\",\"@graph\":[{\"@type\":\"Article\",\"@id\":\"https:\\\/\\\/blog.nerjaholidayrentals.com\\\/fr\\\/nous-vous-presentons-notre-nouvelle-location-de-vacances-villa-seaview-a-punta-lara-nerja\\\/#article\",\"isPartOf\":{\"@id\":\"https:\\\/\\\/blog.nerjaholidayrentals.com\\\/fr\\\/nous-vous-presentons-notre-nouvelle-location-de-vacances-villa-seaview-a-punta-lara-nerja\\\/\"},\"author\":{\"name\":\"Jos\u00e9 Mateos\",\"@id\":\"https:\\\/\\\/blog.nerjaholidayrentals.com\\\/fr\\\/#\\\/schema\\\/person\\\/43e8d745daf7665000059fd9938f938b\"},\"headline\":\"Nous vous pr\u00e9sentons notre NOUVELLE LOCATION DE VACANCES Villa Seaview \u00e0 Punta Lara, Nerja\",\"datePublished\":\"2023-03-20T09:18:00+00:00\",\"dateModified\":\"2023-03-29T09:18:27+00:00\",\"mainEntityOfPage\":{\"@id\":\"https:\\\/\\\/blog.nerjaholidayrentals.com\\\/fr\\\/nous-vous-presentons-notre-nouvelle-location-de-vacances-villa-seaview-a-punta-lara-nerja\\\/\"},\"wordCount\":408,\"commentCount\":0,\"image\":{\"@id\":\"https:\\\/\\\/blog.nerjaholidayrentals.com\\\/fr\\\/nous-vous-presentons-notre-nouvelle-location-de-vacances-villa-seaview-a-punta-lara-nerja\\\/#primaryimage\"},\"thumbnailUrl\":\"https:\\\/\\\/blog.nerjaholidayrentals.com\\\/wp-content\\\/uploads\\\/2023\\\/03\\\/JRB06085.jpg\",\"articleSection\":[\"Nerja\"],\"inLanguage\":\"fr-FR\",\"potentialAction\":[{\"@type\":\"CommentAction\",\"name\":\"Comment\",\"target\":[\"https:\\\/\\\/blog.nerjaholidayrentals.com\\\/fr\\\/nous-vous-presentons-notre-nouvelle-location-de-vacances-villa-seaview-a-punta-lara-nerja\\\/#respond\"]}]},{\"@type\":\"WebPage\",\"@id\":\"https:\\\/\\\/blog.nerjaholidayrentals.com\\\/fr\\\/nous-vous-presentons-notre-nouvelle-location-de-vacances-villa-seaview-a-punta-lara-nerja\\\/\",\"url\":\"https:\\\/\\\/blog.nerjaholidayrentals.com\\\/fr\\\/nous-vous-presentons-notre-nouvelle-location-de-vacances-villa-seaview-a-punta-lara-nerja\\\/\",\"name\":\"Nous vous pr\u00e9sentons notre NOUVELLE LOCATION DE VACANCES Villa Seaview \u00e0 Punta Lara, Nerja - Blog Casasol\",\"isPartOf\":{\"@id\":\"https:\\\/\\\/blog.nerjaholidayrentals.com\\\/fr\\\/#website\"},\"primaryImageOfPage\":{\"@id\":\"https:\\\/\\\/blog.nerjaholidayrentals.com\\\/fr\\\/nous-vous-presentons-notre-nouvelle-location-de-vacances-villa-seaview-a-punta-lara-nerja\\\/#primaryimage\"},\"image\":{\"@id\":\"https:\\\/\\\/blog.nerjaholidayrentals.com\\\/fr\\\/nous-vous-presentons-notre-nouvelle-location-de-vacances-villa-seaview-a-punta-lara-nerja\\\/#primaryimage\"},\"thumbnailUrl\":\"https:\\\/\\\/blog.nerjaholidayrentals.com\\\/wp-content\\\/uploads\\\/2023\\\/03\\\/JRB06085.jpg\",\"datePublished\":\"2023-03-20T09:18:00+00:00\",\"dateModified\":\"2023-03-29T09:18:27+00:00\",\"author\":{\"@id\":\"https:\\\/\\\/blog.nerjaholidayrentals.com\\\/fr\\\/#\\\/schema\\\/person\\\/43e8d745daf7665000059fd9938f938b\"},\"description\":\"Tu cherches une superbe location de vacances dans la belle ville de Nerja ? La Villa Seaview \u00e0 Punta Lara est d\u00e9sormais disponible \u00e0 la location par l'interm\u00e9diaire de Nerja Holiday Rentals.\",\"breadcrumb\":{\"@id\":\"https:\\\/\\\/blog.nerjaholidayrentals.com\\\/fr\\\/nous-vous-presentons-notre-nouvelle-location-de-vacances-villa-seaview-a-punta-lara-nerja\\\/#breadcrumb\"},\"inLanguage\":\"fr-FR\",\"potentialAction\":[{\"@type\":\"ReadAction\",\"target\":[\"https:\\\/\\\/blog.nerjaholidayrentals.com\\\/fr\\\/nous-vous-presentons-notre-nouvelle-location-de-vacances-villa-seaview-a-punta-lara-nerja\\\/\"]}]},{\"@type\":\"ImageObject\",\"inLanguage\":\"fr-FR\",\"@id\":\"https:\\\/\\\/blog.nerjaholidayrentals.com\\\/fr\\\/nous-vous-presentons-notre-nouvelle-location-de-vacances-villa-seaview-a-punta-lara-nerja\\\/#primaryimage\",\"url\":\"https:\\\/\\\/blog.nerjaholidayrentals.com\\\/wp-content\\\/uploads\\\/2023\\\/03\\\/JRB06085.jpg\",\"contentUrl\":\"https:\\\/\\\/blog.nerjaholidayrentals.com\\\/wp-content\\\/uploads\\\/2023\\\/03\\\/JRB06085.jpg\",\"width\":1620,\"height\":1080},{\"@type\":\"BreadcrumbList\",\"@id\":\"https:\\\/\\\/blog.nerjaholidayrentals.com\\\/fr\\\/nous-vous-presentons-notre-nouvelle-location-de-vacances-villa-seaview-a-punta-lara-nerja\\\/#breadcrumb\",\"itemListElement\":[{\"@type\":\"ListItem\",\"position\":1,\"name\":\"Home\",\"item\":\"https:\\\/\\\/blog.nerjaholidayrentals.com\\\/fr\\\/\"},{\"@type\":\"ListItem\",\"position\":2,\"name\":\"Nous vous pr\u00e9sentons notre NOUVELLE LOCATION DE VACANCES Villa Seaview \u00e0 Punta Lara, Nerja\"}]},{\"@type\":\"WebSite\",\"@id\":\"https:\\\/\\\/blog.nerjaholidayrentals.com\\\/fr\\\/#website\",\"url\":\"https:\\\/\\\/blog.nerjaholidayrentals.com\\\/fr\\\/\",\"name\":\"Blog Casasol\",\"description\":\"Just another  site\",\"potentialAction\":[{\"@type\":\"SearchAction\",\"target\":{\"@type\":\"EntryPoint\",\"urlTemplate\":\"https:\\\/\\\/blog.nerjaholidayrentals.com\\\/fr\\\/?s={search_term_string}\"},\"query-input\":{\"@type\":\"PropertyValueSpecification\",\"valueRequired\":true,\"valueName\":\"search_term_string\"}}],\"inLanguage\":\"fr-FR\"},{\"@type\":\"Person\",\"@id\":\"https:\\\/\\\/blog.nerjaholidayrentals.com\\\/fr\\\/#\\\/schema\\\/person\\\/43e8d745daf7665000059fd9938f938b\",\"name\":\"Jos\u00e9 Mateos\",\"image\":{\"@type\":\"ImageObject\",\"inLanguage\":\"fr-FR\",\"@id\":\"https:\\\/\\\/secure.gravatar.com\\\/avatar\\\/ea5d177909ad5cbda723c04542224e0c5423e7df272f6d9ab17db762dc204add?s=96&d=mm&r=g\",\"url\":\"https:\\\/\\\/secure.gravatar.com\\\/avatar\\\/ea5d177909ad5cbda723c04542224e0c5423e7df272f6d9ab17db762dc204add?s=96&d=mm&r=g\",\"contentUrl\":\"https:\\\/\\\/secure.gravatar.com\\\/avatar\\\/ea5d177909ad5cbda723c04542224e0c5423e7df272f6d9ab17db762dc204add?s=96&d=mm&r=g\",\"caption\":\"Jos\u00e9 Mateos\"},\"sameAs\":[\"https:\\\/\\\/www.nerjaholidayrentals.com\\\/\",\"https:\\\/\\\/www.facebook.com\\\/CasasolHoliday\",\"https:\\\/\\\/www.instagram.com\\\/casasolholiday\\\/\",\"https:\\\/\\\/x.com\\\/CasasolHoliday\"],\"url\":\"https:\\\/\\\/blog.nerjaholidayrentals.com\\\/fr\\\/author\\\/nerjaholidays\\\/\"}]}<\/script>\n<!-- \/ Yoast SEO plugin. -->","yoast_head_json":{"title":"Nous vous pr\u00e9sentons notre NOUVELLE LOCATION DE VACANCES Villa Seaview \u00e0 Punta Lara, Nerja - Blog Casasol","description":"Tu cherches une superbe location de vacances dans la belle ville de Nerja ? La Villa Seaview \u00e0 Punta Lara est d\u00e9sormais disponible \u00e0 la location par l'interm\u00e9diaire de Nerja Holiday Rentals.","robots":{"index":"index","follow":"follow","max-snippet":"max-snippet:-1","max-image-preview":"max-image-preview:large","max-video-preview":"max-video-preview:-1"},"canonical":"https:\/\/blog.nerjaholidayrentals.com\/fr\/nous-vous-presentons-notre-nouvelle-location-de-vacances-villa-seaview-a-punta-lara-nerja\/","og_locale":"fr_FR","og_type":"article","og_title":"Nous vous pr\u00e9sentons notre NOUVELLE LOCATION DE VACANCES Villa Seaview \u00e0 Punta Lara, Nerja - Blog Casasol","og_description":"Tu cherches une superbe location de vacances dans la belle ville de Nerja ? La Villa Seaview \u00e0 Punta Lara est d\u00e9sormais disponible \u00e0 la location par l'interm\u00e9diaire de Nerja Holiday Rentals.","og_url":"https:\/\/blog.nerjaholidayrentals.com\/fr\/nous-vous-presentons-notre-nouvelle-location-de-vacances-villa-seaview-a-punta-lara-nerja\/","og_site_name":"Blog Casasol","article_author":"https:\/\/www.facebook.com\/CasasolHoliday","article_published_time":"2023-03-20T09:18:00+00:00","article_modified_time":"2023-03-29T09:18:27+00:00","og_image":[{"width":1620,"height":1080,"url":"https:\/\/blog.nerjaholidayrentals.com\/wp-content\/uploads\/2023\/03\/JRB06085.jpg","type":"image\/jpeg"}],"author":"Jos\u00e9 Mateos","twitter_card":"summary_large_image","twitter_creator":"@CasasolHoliday","twitter_misc":{"\u00c9crit par":"Jos\u00e9 Mateos","Dur\u00e9e de lecture estim\u00e9e":"2 minutes"},"schema":{"@context":"https:\/\/schema.org","@graph":[{"@type":"Article","@id":"https:\/\/blog.nerjaholidayrentals.com\/fr\/nous-vous-presentons-notre-nouvelle-location-de-vacances-villa-seaview-a-punta-lara-nerja\/#article","isPartOf":{"@id":"https:\/\/blog.nerjaholidayrentals.com\/fr\/nous-vous-presentons-notre-nouvelle-location-de-vacances-villa-seaview-a-punta-lara-nerja\/"},"author":{"name":"Jos\u00e9 Mateos","@id":"https:\/\/blog.nerjaholidayrentals.com\/fr\/#\/schema\/person\/43e8d745daf7665000059fd9938f938b"},"headline":"Nous vous pr\u00e9sentons notre NOUVELLE LOCATION DE VACANCES Villa Seaview \u00e0 Punta Lara, Nerja","datePublished":"2023-03-20T09:18:00+00:00","dateModified":"2023-03-29T09:18:27+00:00","mainEntityOfPage":{"@id":"https:\/\/blog.nerjaholidayrentals.com\/fr\/nous-vous-presentons-notre-nouvelle-location-de-vacances-villa-seaview-a-punta-lara-nerja\/"},"wordCount":408,"commentCount":0,"image":{"@id":"https:\/\/blog.nerjaholidayrentals.com\/fr\/nous-vous-presentons-notre-nouvelle-location-de-vacances-villa-seaview-a-punta-lara-nerja\/#primaryimage"},"thumbnailUrl":"https:\/\/blog.nerjaholidayrentals.com\/wp-content\/uploads\/2023\/03\/JRB06085.jpg","articleSection":["Nerja"],"inLanguage":"fr-FR","potentialAction":[{"@type":"CommentAction","name":"Comment","target":["https:\/\/blog.nerjaholidayrentals.com\/fr\/nous-vous-presentons-notre-nouvelle-location-de-vacances-villa-seaview-a-punta-lara-nerja\/#respond"]}]},{"@type":"WebPage","@id":"https:\/\/blog.nerjaholidayrentals.com\/fr\/nous-vous-presentons-notre-nouvelle-location-de-vacances-villa-seaview-a-punta-lara-nerja\/","url":"https:\/\/blog.nerjaholidayrentals.com\/fr\/nous-vous-presentons-notre-nouvelle-location-de-vacances-villa-seaview-a-punta-lara-nerja\/","name":"Nous vous pr\u00e9sentons notre NOUVELLE LOCATION DE VACANCES Villa Seaview \u00e0 Punta Lara, Nerja - Blog Casasol","isPartOf":{"@id":"https:\/\/blog.nerjaholidayrentals.com\/fr\/#website"},"primaryImageOfPage":{"@id":"https:\/\/blog.nerjaholidayrentals.com\/fr\/nous-vous-presentons-notre-nouvelle-location-de-vacances-villa-seaview-a-punta-lara-nerja\/#primaryimage"},"image":{"@id":"https:\/\/blog.nerjaholidayrentals.com\/fr\/nous-vous-presentons-notre-nouvelle-location-de-vacances-villa-seaview-a-punta-lara-nerja\/#primaryimage"},"thumbnailUrl":"https:\/\/blog.nerjaholidayrentals.com\/wp-content\/uploads\/2023\/03\/JRB06085.jpg","datePublished":"2023-03-20T09:18:00+00:00","dateModified":"2023-03-29T09:18:27+00:00","author":{"@id":"https:\/\/blog.nerjaholidayrentals.com\/fr\/#\/schema\/person\/43e8d745daf7665000059fd9938f938b"},"description":"Tu cherches une superbe location de vacances dans la belle ville de Nerja ? La Villa Seaview \u00e0 Punta Lara est d\u00e9sormais disponible \u00e0 la location par l'interm\u00e9diaire de Nerja Holiday Rentals.","breadcrumb":{"@id":"https:\/\/blog.nerjaholidayrentals.com\/fr\/nous-vous-presentons-notre-nouvelle-location-de-vacances-villa-seaview-a-punta-lara-nerja\/#breadcrumb"},"inLanguage":"fr-FR","potentialAction":[{"@type":"ReadAction","target":["https:\/\/blog.nerjaholidayrentals.com\/fr\/nous-vous-presentons-notre-nouvelle-location-de-vacances-villa-seaview-a-punta-lara-nerja\/"]}]},{"@type":"ImageObject","inLanguage":"fr-FR","@id":"https:\/\/blog.nerjaholidayrentals.com\/fr\/nous-vous-presentons-notre-nouvelle-location-de-vacances-villa-seaview-a-punta-lara-nerja\/#primaryimage","url":"https:\/\/blog.nerjaholidayrentals.com\/wp-content\/uploads\/2023\/03\/JRB06085.jpg","contentUrl":"https:\/\/blog.nerjaholidayrentals.com\/wp-content\/uploads\/2023\/03\/JRB06085.jpg","width":1620,"height":1080},{"@type":"BreadcrumbList","@id":"https:\/\/blog.nerjaholidayrentals.com\/fr\/nous-vous-presentons-notre-nouvelle-location-de-vacances-villa-seaview-a-punta-lara-nerja\/#breadcrumb","itemListElement":[{"@type":"ListItem","position":1,"name":"Home","item":"https:\/\/blog.nerjaholidayrentals.com\/fr\/"},{"@type":"ListItem","position":2,"name":"Nous vous pr\u00e9sentons notre NOUVELLE LOCATION DE VACANCES Villa Seaview \u00e0 Punta Lara, Nerja"}]},{"@type":"WebSite","@id":"https:\/\/blog.nerjaholidayrentals.com\/fr\/#website","url":"https:\/\/blog.nerjaholidayrentals.com\/fr\/","name":"Blog Casasol","description":"Just another  site","potentialAction":[{"@type":"SearchAction","target":{"@type":"EntryPoint","urlTemplate":"https:\/\/blog.nerjaholidayrentals.com\/fr\/?s={search_term_string}"},"query-input":{"@type":"PropertyValueSpecification","valueRequired":true,"valueName":"search_term_string"}}],"inLanguage":"fr-FR"},{"@type":"Person","@id":"https:\/\/blog.nerjaholidayrentals.com\/fr\/#\/schema\/person\/43e8d745daf7665000059fd9938f938b","name":"Jos\u00e9 Mateos","image":{"@type":"ImageObject","inLanguage":"fr-FR","@id":"https:\/\/secure.gravatar.com\/avatar\/ea5d177909ad5cbda723c04542224e0c5423e7df272f6d9ab17db762dc204add?s=96&d=mm&r=g","url":"https:\/\/secure.gravatar.com\/avatar\/ea5d177909ad5cbda723c04542224e0c5423e7df272f6d9ab17db762dc204add?s=96&d=mm&r=g","contentUrl":"https:\/\/secure.gravatar.com\/avatar\/ea5d177909ad5cbda723c04542224e0c5423e7df272f6d9ab17db762dc204add?s=96&d=mm&r=g","caption":"Jos\u00e9 Mateos"},"sameAs":["https:\/\/www.nerjaholidayrentals.com\/","https:\/\/www.facebook.com\/CasasolHoliday","https:\/\/www.instagram.com\/casasolholiday\/","https:\/\/x.com\/CasasolHoliday"],"url":"https:\/\/blog.nerjaholidayrentals.com\/fr\/author\/nerjaholidays\/"}]}},"_links":{"self":[{"href":"https:\/\/blog.nerjaholidayrentals.com\/fr\/wp-json\/wp\/v2\/posts\/3267","targetHints":{"allow":["GET"]}}],"collection":[{"href":"https:\/\/blog.nerjaholidayrentals.com\/fr\/wp-json\/wp\/v2\/posts"}],"about":[{"href":"https:\/\/blog.nerjaholidayrentals.com\/fr\/wp-json\/wp\/v2\/types\/post"}],"author":[{"embeddable":true,"href":"https:\/\/blog.nerjaholidayrentals.com\/fr\/wp-json\/wp\/v2\/users\/34"}],"replies":[{"embeddable":true,"href":"https:\/\/blog.nerjaholidayrentals.com\/fr\/wp-json\/wp\/v2\/comments?post=3267"}],"version-history":[{"count":1,"href":"https:\/\/blog.nerjaholidayrentals.com\/fr\/wp-json\/wp\/v2\/posts\/3267\/revisions"}],"predecessor-version":[{"id":3268,"href":"https:\/\/blog.nerjaholidayrentals.com\/fr\/wp-json\/wp\/v2\/posts\/3267\/revisions\/3268"}],"wp:featuredmedia":[{"embeddable":true,"href":"https:\/\/blog.nerjaholidayrentals.com\/fr\/wp-json\/wp\/v2\/media\/3257"}],"wp:attachment":[{"href":"https:\/\/blog.nerjaholidayrentals.com\/fr\/wp-json\/wp\/v2\/media?parent=3267"}],"wp:term":[{"taxonomy":"category","embeddable":true,"href":"https:\/\/blog.nerjaholidayrentals.com\/fr\/wp-json\/wp\/v2\/categories?post=3267"},{"taxonomy":"post_tag","embeddable":true,"href":"https:\/\/blog.nerjaholidayrentals.com\/fr\/wp-json\/wp\/v2\/tags?post=3267"}],"curies":[{"name":"wp","href":"https:\/\/api.w.org\/{rel}","templated":true}]}}