{"id":99,"date":"2018-10-04T10:43:03","date_gmt":"2018-10-04T10:43:03","guid":{"rendered":"https:\/\/blog.nerjaholidayrentals.com\/es\/?p=99"},"modified":"2018-10-04T10:44:44","modified_gmt":"2018-10-04T10:44:44","slug":"nerja-esta-de-feria-2018","status":"publish","type":"post","link":"https:\/\/blog.nerjaholidayrentals.com\/es\/nerja-esta-de-feria-2018\/","title":{"rendered":"\u00a1Nerja est\u00e1 de feria! 2018"},"content":{"rendered":"<h1><u>\u00a1Nerja est\u00e1 de feria! 2018<\/u><\/h1>\n<p style=\"text-align: justify\">Ya queda menos de una semana y otra vez la tenemos aqu\u00ed: la Feria de Nerja, las fiestas patronales en honor a la Virgen de las Angustias y San Miguel Arc\u00e1ngel, dar\u00e1n comienzo el pr\u00f3ximo martes 9 de octubre y se alargar\u00e1n hasta el domingo 14. Visitar Nerja durante la semana de feria es sin duda una de las fechas m\u00e1s acertadas por la variedad de planes que tendr\u00e1s a mano y para conocer m\u00e1s de cerca el ambiente festivo y hospitalario de la poblaci\u00f3n. La feria es una de las celebraciones que se viven con m\u00e1s intensidad y, para que puedas comprobarlo de primera mano, te invitamos a venir y a disfrutar de algunos de los eventos que te proponemos a continuaci\u00f3n.<\/p>\n<p style=\"text-align: justify\">Para empezar y para seguir la tradici\u00f3n, la feria arrancar\u00e1 con el preg\u00f3n, que este a\u00f1o correr\u00e1 a cargo de Noem\u00ed Ru\u00edz Gonz\u00e1lez. La actriz malague\u00f1a volver\u00e1 al pueblo de sus padres y d\u00f3nde pas\u00f3 gran parte de su infancia, ya que muchos veranos los pasaba en casa de sus abuelos. As\u00ed que, aparte de dar el preg\u00f3n, podr\u00e1 reencontrarse con muchos amigos y familiares que todav\u00eda viven en Nerja. A pesar de su juventud, Noem\u00ed lleva m\u00e1s de 10 a\u00f1os trabajando en series de televisi\u00f3n desde que apareci\u00f3 en Array\u00e1n; desde entocnes, la hemos podido ver en series como <em>Los hombres de Paco<\/em> y <em>Aida<\/em> y la pel\u00edcula <em>Fuga de cerebros<\/em>. Ahora mismo est\u00e1 en plena grabaci\u00f3n de la cuarta temporada de <em>Ah\u00ed abajo<\/em> El preg\u00f3n ser\u00e1 el martes 9 a las 21.30 en el Balc\u00f3n de Europa, como viene siendo habitual.<\/p>\n<p style=\"text-align: justify\">El d\u00eda siguiente, el mi\u00e9rcoles 10, es el d\u00eda grande, as\u00ed que la actividad empieza bien pronto. A las 12 de la ma\u00f1ana comenzar\u00e1n las actuaciones musicales y el d\u00eda seguir\u00e1 cargado de actos hasta bien entrada la noche: conciertos, pasacalles, fiestas infantiles, bailes, la procesi\u00f3n y, para redondear la velada, concierto de Ana Mena a partir de las 23.30 en la caseta municipal Plaza Espa\u00f1a. La joven actriz y cantante natural de Estepona es conocida por interpretar a Marisol en <em>Marisol, la pel\u00edcula<\/em> y fue ganadora de los Premios Veo Veo (2006) y del concurso My Camp Rock (2010). Pero sin duda su papel m\u00e1s importante es el que desempe\u00f1\u00f3 como la hija del protagonista en la pel\u00edcula <em>La piel que habito<\/em> de Pedro Almod\u00f3var.\u00a0 Ana Mena vendr\u00e1 a presentar su primer \u00e1lbum: <em>Index<\/em>.<\/p>\n<p style=\"text-align: justify\">El jueves 11 se repetir\u00e1 el amplio abanico de diferentes actividades durante todo el d\u00eda e, igual que la jornada anterior, acabar\u00e1 con un concierto en la Plaza Espa\u00f1a, en esta ocasi\u00f3n de la mano de Paco Candela. El sevillano empez\u00f3 a interesarse por la m\u00fasica desde bien temprano y a los 16 a\u00f1os ya empez\u00f3 a participar en concursos de flamenco. A ra\u00edz de un espect\u00e1culo en la Isla M\u00e1gica, empieza a ser contratado para otros recintos y fiestas privadas hasta que publico su primer trabaja musical el 2011. A parir de entonces su carrera ha ido en ascenso y fue galardonado con el Premio Nacional Radiol\u00e9 en el 2016 y el Premio Andaluz del a\u00f1o en Catalu\u00f1a 2017. Escuchar su \u00faltimo disco en directo, <em>El poder de la m\u00fasica<\/em>, ser\u00e1 todo un lujo para cerrar el tercer d\u00eda de la feria de Nerja.<\/p>\n<p style=\"text-align: justify\">Estamos ya en el cuarto d\u00eda de feria, el viernes 12 de octubre y festividad de la Hispanidad. Y el concierto de cierre de ese d\u00eda nos llevar\u00e1 de nuevo a los a\u00f1os 80. Actuar\u00e1n nada m\u00e1s y nada menos que los m\u00edticos grupos La Frontera y La Orquesta Mondrag\u00f3n. En primer lugar, el grupo de Javier Andreu se fund\u00f3 en el a\u00f1o 1984 y desde entonces han publicado 19 trabajos, el \u00faltimo, publicado en el 2015, conmemora los 30 a\u00f1os de carrera de la banda. Por su parte, el inigualable Javier Gurruchaga fue el art\u00edfice y fundador de La Orquesta Mondrag\u00f3n all\u00e1 por 1976, formaci\u00f3n pionera en fusionar teatro y m\u00fasica. Con este cartel, seguramente que volveremos a disfrutar en Nerja de \u00e9xitos inolvidables como <em>Viaje con nosotros<\/em>, <em>Ellos las prefieren gordas<\/em> o <em>El l\u00edmite<\/em>.<\/p>\n<p style=\"text-align: justify\">Finalmente, la noche del s\u00e1bado tendremos el plato fuerte de esta feria: el concierto de Ni\u00f1a Pastori en la caseta de la plaza de Espa\u00f1a a las 23.30. La archipremiada cantante gaditana viene a presentar su d\u00e9cimo disco en 10 a\u00f1os de carrera, <em>Bajo tus alas<\/em>, un disco mayoritariamente de baladas en el que colaboran Vamesa Mart\u00edn, Guaco, Pablo Albor\u00e1n y Manuel Carrasco. La Ni\u00f1a Pastori ser\u00e1 el broche de oro que cerrar\u00e1 los conciertos de la feria de este a\u00f1o.<\/p>\n<p style=\"text-align: justify\">El domingo 14 ser\u00e1 el D\u00eda del Ni\u00f1o y \u00faltimo d\u00eda de fiestas y como el resto de los d\u00edas, habr\u00e1 diferentes actuaciones y espect\u00e1culos desde las 12 del mediod\u00eda hasta las 11 y media de la noche, hora de la traca que anuncia el fin de las fiestas. Adem\u00e1s, aparte de todos estos actos, todos los d\u00edas podr\u00e1s disfrutar del tradicional paseo a caballo que tiene lugar entre las 12 y las 19 horas y recorre varias calles de Nerja. Y por supuesto, tambi\u00e9n habr\u00e1 las habituales actividades deportivas: torneos de f\u00fatbol, ajedrez y tenis, rugby, marcha y la carrera urbana.<\/p>\n<p style=\"text-align: justify\">Tambi\u00e9n en esta Feria de 2018 los m\u00e1s peque\u00f1os de la casa tienen un peso importante y para ellos hay programadas infinidad de actividades durante los seis d\u00edas que durar\u00e1n las fiestas: m\u00fasica, baile, magos, carrozas y fuegos artificiales.<\/p>\n<p style=\"text-align: justify\">\u00a1Te esperamos!<\/p>\n","protected":false},"excerpt":{"rendered":"<p>\u00a1Nerja est\u00e1 de feria! 2018 Ya queda menos de una semana y otra vez la tenemos aqu\u00ed: la Feria de&#8230;<\/p>\n","protected":false},"author":34,"featured_media":100,"comment_status":"open","ping_status":"closed","sticky":false,"template":"","format":"standard","meta":{"footnotes":""},"categories":[42,21],"tags":[43,22],"class_list":["post-99","post","type-post","status-publish","format-standard","has-post-thumbnail","hentry","category-feria","category-nerja","tag-feria","tag-nerja"],"yoast_head":"<!-- This site is optimized with the Yoast SEO plugin v27.5 - https:\/\/yoast.com\/product\/yoast-seo-wordpress\/ -->\n<title>\u00a1Nerja est\u00e1 de feria! 2018<\/title>\n<meta name=\"description\" content=\"Ya queda menos de una semana y otra vez la tenemos aqu\u00ed: la Feria de Nerja 2018. Toda la informacion aqui.\" \/>\n<meta name=\"robots\" content=\"index, follow, max-snippet:-1, max-image-preview:large, max-video-preview:-1\" \/>\n<link rel=\"canonical\" href=\"https:\/\/blog.nerjaholidayrentals.com\/es\/nerja-esta-de-feria-2018\/\" \/>\n<meta property=\"og:locale\" content=\"es_ES\" \/>\n<meta property=\"og:type\" content=\"article\" \/>\n<meta property=\"og:title\" content=\"\u00a1Nerja est\u00e1 de feria! 2018\" \/>\n<meta property=\"og:description\" content=\"Ya queda menos de una semana y otra vez la tenemos aqu\u00ed: la Feria de Nerja 2018. Toda la informacion aqui.\" \/>\n<meta property=\"og:url\" content=\"https:\/\/blog.nerjaholidayrentals.com\/es\/nerja-esta-de-feria-2018\/\" \/>\n<meta property=\"og:site_name\" content=\"Blog Casasol\" \/>\n<meta property=\"article:author\" content=\"https:\/\/www.facebook.com\/CasasolHoliday\" \/>\n<meta property=\"article:published_time\" content=\"2018-10-04T10:43:03+00:00\" \/>\n<meta property=\"article:modified_time\" content=\"2018-10-04T10:44:44+00:00\" \/>\n<meta property=\"og:image\" content=\"https:\/\/blog.nerjaholidayrentals.com\/wp-content\/uploads\/2018\/10\/feria-de-nerja-2018-cartel-turismo.png\" \/>\n\t<meta property=\"og:image:width\" content=\"1145\" \/>\n\t<meta property=\"og:image:height\" content=\"1600\" \/>\n\t<meta property=\"og:image:type\" content=\"image\/png\" \/>\n<meta name=\"author\" content=\"Jos\u00e9 Mateos\" \/>\n<meta name=\"twitter:card\" content=\"summary_large_image\" \/>\n<meta name=\"twitter:creator\" content=\"@CasasolHoliday\" \/>\n<meta name=\"twitter:label1\" content=\"Escrito por\" \/>\n\t<meta name=\"twitter:data1\" content=\"Jos\u00e9 Mateos\" \/>\n\t<meta name=\"twitter:label2\" content=\"Tiempo de lectura\" \/>\n\t<meta name=\"twitter:data2\" content=\"5 minutos\" \/>\n<script type=\"application\/ld+json\" class=\"yoast-schema-graph\">{\"@context\":\"https:\\\/\\\/schema.org\",\"@graph\":[{\"@type\":\"Article\",\"@id\":\"https:\\\/\\\/blog.nerjaholidayrentals.com\\\/es\\\/nerja-esta-de-feria-2018\\\/#article\",\"isPartOf\":{\"@id\":\"https:\\\/\\\/blog.nerjaholidayrentals.com\\\/es\\\/nerja-esta-de-feria-2018\\\/\"},\"author\":{\"name\":\"Jos\u00e9 Mateos\",\"@id\":\"https:\\\/\\\/blog.nerjaholidayrentals.com\\\/es\\\/#\\\/schema\\\/person\\\/43e8d745daf7665000059fd9938f938b\"},\"headline\":\"\u00a1Nerja est\u00e1 de feria! 2018\",\"datePublished\":\"2018-10-04T10:43:03+00:00\",\"dateModified\":\"2018-10-04T10:44:44+00:00\",\"mainEntityOfPage\":{\"@id\":\"https:\\\/\\\/blog.nerjaholidayrentals.com\\\/es\\\/nerja-esta-de-feria-2018\\\/\"},\"wordCount\":975,\"commentCount\":0,\"image\":{\"@id\":\"https:\\\/\\\/blog.nerjaholidayrentals.com\\\/es\\\/nerja-esta-de-feria-2018\\\/#primaryimage\"},\"thumbnailUrl\":\"https:\\\/\\\/blog.nerjaholidayrentals.com\\\/wp-content\\\/uploads\\\/2018\\\/10\\\/feria-de-nerja-2018-cartel-turismo.png\",\"keywords\":[\"Feria\",\"Nerja\"],\"articleSection\":[\"Feria\",\"Nerja\"],\"inLanguage\":\"es\",\"potentialAction\":[{\"@type\":\"CommentAction\",\"name\":\"Comment\",\"target\":[\"https:\\\/\\\/blog.nerjaholidayrentals.com\\\/es\\\/nerja-esta-de-feria-2018\\\/#respond\"]}]},{\"@type\":\"WebPage\",\"@id\":\"https:\\\/\\\/blog.nerjaholidayrentals.com\\\/es\\\/nerja-esta-de-feria-2018\\\/\",\"url\":\"https:\\\/\\\/blog.nerjaholidayrentals.com\\\/es\\\/nerja-esta-de-feria-2018\\\/\",\"name\":\"\u00a1Nerja est\u00e1 de feria! 2018\",\"isPartOf\":{\"@id\":\"https:\\\/\\\/blog.nerjaholidayrentals.com\\\/es\\\/#website\"},\"primaryImageOfPage\":{\"@id\":\"https:\\\/\\\/blog.nerjaholidayrentals.com\\\/es\\\/nerja-esta-de-feria-2018\\\/#primaryimage\"},\"image\":{\"@id\":\"https:\\\/\\\/blog.nerjaholidayrentals.com\\\/es\\\/nerja-esta-de-feria-2018\\\/#primaryimage\"},\"thumbnailUrl\":\"https:\\\/\\\/blog.nerjaholidayrentals.com\\\/wp-content\\\/uploads\\\/2018\\\/10\\\/feria-de-nerja-2018-cartel-turismo.png\",\"datePublished\":\"2018-10-04T10:43:03+00:00\",\"dateModified\":\"2018-10-04T10:44:44+00:00\",\"author\":{\"@id\":\"https:\\\/\\\/blog.nerjaholidayrentals.com\\\/es\\\/#\\\/schema\\\/person\\\/43e8d745daf7665000059fd9938f938b\"},\"description\":\"Ya queda menos de una semana y otra vez la tenemos aqu\u00ed: la Feria de Nerja 2018. Toda la informacion aqui.\",\"breadcrumb\":{\"@id\":\"https:\\\/\\\/blog.nerjaholidayrentals.com\\\/es\\\/nerja-esta-de-feria-2018\\\/#breadcrumb\"},\"inLanguage\":\"es\",\"potentialAction\":[{\"@type\":\"ReadAction\",\"target\":[\"https:\\\/\\\/blog.nerjaholidayrentals.com\\\/es\\\/nerja-esta-de-feria-2018\\\/\"]}]},{\"@type\":\"ImageObject\",\"inLanguage\":\"es\",\"@id\":\"https:\\\/\\\/blog.nerjaholidayrentals.com\\\/es\\\/nerja-esta-de-feria-2018\\\/#primaryimage\",\"url\":\"https:\\\/\\\/blog.nerjaholidayrentals.com\\\/wp-content\\\/uploads\\\/2018\\\/10\\\/feria-de-nerja-2018-cartel-turismo.png\",\"contentUrl\":\"https:\\\/\\\/blog.nerjaholidayrentals.com\\\/wp-content\\\/uploads\\\/2018\\\/10\\\/feria-de-nerja-2018-cartel-turismo.png\",\"width\":1145,\"height\":1600},{\"@type\":\"BreadcrumbList\",\"@id\":\"https:\\\/\\\/blog.nerjaholidayrentals.com\\\/es\\\/nerja-esta-de-feria-2018\\\/#breadcrumb\",\"itemListElement\":[{\"@type\":\"ListItem\",\"position\":1,\"name\":\"Home\",\"item\":\"https:\\\/\\\/blog.nerjaholidayrentals.com\\\/es\\\/\"},{\"@type\":\"ListItem\",\"position\":2,\"name\":\"\u00a1Nerja est\u00e1 de feria! 2018\"}]},{\"@type\":\"WebSite\",\"@id\":\"https:\\\/\\\/blog.nerjaholidayrentals.com\\\/es\\\/#website\",\"url\":\"https:\\\/\\\/blog.nerjaholidayrentals.com\\\/es\\\/\",\"name\":\"Blog Casasol\",\"description\":\"Just another  site\",\"potentialAction\":[{\"@type\":\"SearchAction\",\"target\":{\"@type\":\"EntryPoint\",\"urlTemplate\":\"https:\\\/\\\/blog.nerjaholidayrentals.com\\\/es\\\/?s={search_term_string}\"},\"query-input\":{\"@type\":\"PropertyValueSpecification\",\"valueRequired\":true,\"valueName\":\"search_term_string\"}}],\"inLanguage\":\"es\"},{\"@type\":\"Person\",\"@id\":\"https:\\\/\\\/blog.nerjaholidayrentals.com\\\/es\\\/#\\\/schema\\\/person\\\/43e8d745daf7665000059fd9938f938b\",\"name\":\"Jos\u00e9 Mateos\",\"image\":{\"@type\":\"ImageObject\",\"inLanguage\":\"es\",\"@id\":\"https:\\\/\\\/secure.gravatar.com\\\/avatar\\\/ea5d177909ad5cbda723c04542224e0c5423e7df272f6d9ab17db762dc204add?s=96&d=mm&r=g\",\"url\":\"https:\\\/\\\/secure.gravatar.com\\\/avatar\\\/ea5d177909ad5cbda723c04542224e0c5423e7df272f6d9ab17db762dc204add?s=96&d=mm&r=g\",\"contentUrl\":\"https:\\\/\\\/secure.gravatar.com\\\/avatar\\\/ea5d177909ad5cbda723c04542224e0c5423e7df272f6d9ab17db762dc204add?s=96&d=mm&r=g\",\"caption\":\"Jos\u00e9 Mateos\"},\"sameAs\":[\"https:\\\/\\\/www.nerjaholidayrentals.com\\\/\",\"https:\\\/\\\/www.facebook.com\\\/CasasolHoliday\",\"https:\\\/\\\/www.instagram.com\\\/casasolholiday\\\/\",\"https:\\\/\\\/x.com\\\/CasasolHoliday\"],\"url\":\"https:\\\/\\\/blog.nerjaholidayrentals.com\\\/es\\\/author\\\/nerjaholidays\\\/\"}]}<\/script>\n<!-- \/ Yoast SEO plugin. -->","yoast_head_json":{"title":"\u00a1Nerja est\u00e1 de feria! 2018","description":"Ya queda menos de una semana y otra vez la tenemos aqu\u00ed: la Feria de Nerja 2018. Toda la informacion aqui.","robots":{"index":"index","follow":"follow","max-snippet":"max-snippet:-1","max-image-preview":"max-image-preview:large","max-video-preview":"max-video-preview:-1"},"canonical":"https:\/\/blog.nerjaholidayrentals.com\/es\/nerja-esta-de-feria-2018\/","og_locale":"es_ES","og_type":"article","og_title":"\u00a1Nerja est\u00e1 de feria! 2018","og_description":"Ya queda menos de una semana y otra vez la tenemos aqu\u00ed: la Feria de Nerja 2018. Toda la informacion aqui.","og_url":"https:\/\/blog.nerjaholidayrentals.com\/es\/nerja-esta-de-feria-2018\/","og_site_name":"Blog Casasol","article_author":"https:\/\/www.facebook.com\/CasasolHoliday","article_published_time":"2018-10-04T10:43:03+00:00","article_modified_time":"2018-10-04T10:44:44+00:00","og_image":[{"width":1145,"height":1600,"url":"https:\/\/blog.nerjaholidayrentals.com\/wp-content\/uploads\/2018\/10\/feria-de-nerja-2018-cartel-turismo.png","type":"image\/png"}],"author":"Jos\u00e9 Mateos","twitter_card":"summary_large_image","twitter_creator":"@CasasolHoliday","twitter_misc":{"Escrito por":"Jos\u00e9 Mateos","Tiempo de lectura":"5 minutos"},"schema":{"@context":"https:\/\/schema.org","@graph":[{"@type":"Article","@id":"https:\/\/blog.nerjaholidayrentals.com\/es\/nerja-esta-de-feria-2018\/#article","isPartOf":{"@id":"https:\/\/blog.nerjaholidayrentals.com\/es\/nerja-esta-de-feria-2018\/"},"author":{"name":"Jos\u00e9 Mateos","@id":"https:\/\/blog.nerjaholidayrentals.com\/es\/#\/schema\/person\/43e8d745daf7665000059fd9938f938b"},"headline":"\u00a1Nerja est\u00e1 de feria! 2018","datePublished":"2018-10-04T10:43:03+00:00","dateModified":"2018-10-04T10:44:44+00:00","mainEntityOfPage":{"@id":"https:\/\/blog.nerjaholidayrentals.com\/es\/nerja-esta-de-feria-2018\/"},"wordCount":975,"commentCount":0,"image":{"@id":"https:\/\/blog.nerjaholidayrentals.com\/es\/nerja-esta-de-feria-2018\/#primaryimage"},"thumbnailUrl":"https:\/\/blog.nerjaholidayrentals.com\/wp-content\/uploads\/2018\/10\/feria-de-nerja-2018-cartel-turismo.png","keywords":["Feria","Nerja"],"articleSection":["Feria","Nerja"],"inLanguage":"es","potentialAction":[{"@type":"CommentAction","name":"Comment","target":["https:\/\/blog.nerjaholidayrentals.com\/es\/nerja-esta-de-feria-2018\/#respond"]}]},{"@type":"WebPage","@id":"https:\/\/blog.nerjaholidayrentals.com\/es\/nerja-esta-de-feria-2018\/","url":"https:\/\/blog.nerjaholidayrentals.com\/es\/nerja-esta-de-feria-2018\/","name":"\u00a1Nerja est\u00e1 de feria! 2018","isPartOf":{"@id":"https:\/\/blog.nerjaholidayrentals.com\/es\/#website"},"primaryImageOfPage":{"@id":"https:\/\/blog.nerjaholidayrentals.com\/es\/nerja-esta-de-feria-2018\/#primaryimage"},"image":{"@id":"https:\/\/blog.nerjaholidayrentals.com\/es\/nerja-esta-de-feria-2018\/#primaryimage"},"thumbnailUrl":"https:\/\/blog.nerjaholidayrentals.com\/wp-content\/uploads\/2018\/10\/feria-de-nerja-2018-cartel-turismo.png","datePublished":"2018-10-04T10:43:03+00:00","dateModified":"2018-10-04T10:44:44+00:00","author":{"@id":"https:\/\/blog.nerjaholidayrentals.com\/es\/#\/schema\/person\/43e8d745daf7665000059fd9938f938b"},"description":"Ya queda menos de una semana y otra vez la tenemos aqu\u00ed: la Feria de Nerja 2018. Toda la informacion aqui.","breadcrumb":{"@id":"https:\/\/blog.nerjaholidayrentals.com\/es\/nerja-esta-de-feria-2018\/#breadcrumb"},"inLanguage":"es","potentialAction":[{"@type":"ReadAction","target":["https:\/\/blog.nerjaholidayrentals.com\/es\/nerja-esta-de-feria-2018\/"]}]},{"@type":"ImageObject","inLanguage":"es","@id":"https:\/\/blog.nerjaholidayrentals.com\/es\/nerja-esta-de-feria-2018\/#primaryimage","url":"https:\/\/blog.nerjaholidayrentals.com\/wp-content\/uploads\/2018\/10\/feria-de-nerja-2018-cartel-turismo.png","contentUrl":"https:\/\/blog.nerjaholidayrentals.com\/wp-content\/uploads\/2018\/10\/feria-de-nerja-2018-cartel-turismo.png","width":1145,"height":1600},{"@type":"BreadcrumbList","@id":"https:\/\/blog.nerjaholidayrentals.com\/es\/nerja-esta-de-feria-2018\/#breadcrumb","itemListElement":[{"@type":"ListItem","position":1,"name":"Home","item":"https:\/\/blog.nerjaholidayrentals.com\/es\/"},{"@type":"ListItem","position":2,"name":"\u00a1Nerja est\u00e1 de feria! 2018"}]},{"@type":"WebSite","@id":"https:\/\/blog.nerjaholidayrentals.com\/es\/#website","url":"https:\/\/blog.nerjaholidayrentals.com\/es\/","name":"Blog Casasol","description":"Just another  site","potentialAction":[{"@type":"SearchAction","target":{"@type":"EntryPoint","urlTemplate":"https:\/\/blog.nerjaholidayrentals.com\/es\/?s={search_term_string}"},"query-input":{"@type":"PropertyValueSpecification","valueRequired":true,"valueName":"search_term_string"}}],"inLanguage":"es"},{"@type":"Person","@id":"https:\/\/blog.nerjaholidayrentals.com\/es\/#\/schema\/person\/43e8d745daf7665000059fd9938f938b","name":"Jos\u00e9 Mateos","image":{"@type":"ImageObject","inLanguage":"es","@id":"https:\/\/secure.gravatar.com\/avatar\/ea5d177909ad5cbda723c04542224e0c5423e7df272f6d9ab17db762dc204add?s=96&d=mm&r=g","url":"https:\/\/secure.gravatar.com\/avatar\/ea5d177909ad5cbda723c04542224e0c5423e7df272f6d9ab17db762dc204add?s=96&d=mm&r=g","contentUrl":"https:\/\/secure.gravatar.com\/avatar\/ea5d177909ad5cbda723c04542224e0c5423e7df272f6d9ab17db762dc204add?s=96&d=mm&r=g","caption":"Jos\u00e9 Mateos"},"sameAs":["https:\/\/www.nerjaholidayrentals.com\/","https:\/\/www.facebook.com\/CasasolHoliday","https:\/\/www.instagram.com\/casasolholiday\/","https:\/\/x.com\/CasasolHoliday"],"url":"https:\/\/blog.nerjaholidayrentals.com\/es\/author\/nerjaholidays\/"}]}},"_links":{"self":[{"href":"https:\/\/blog.nerjaholidayrentals.com\/es\/wp-json\/wp\/v2\/posts\/99","targetHints":{"allow":["GET"]}}],"collection":[{"href":"https:\/\/blog.nerjaholidayrentals.com\/es\/wp-json\/wp\/v2\/posts"}],"about":[{"href":"https:\/\/blog.nerjaholidayrentals.com\/es\/wp-json\/wp\/v2\/types\/post"}],"author":[{"embeddable":true,"href":"https:\/\/blog.nerjaholidayrentals.com\/es\/wp-json\/wp\/v2\/users\/34"}],"replies":[{"embeddable":true,"href":"https:\/\/blog.nerjaholidayrentals.com\/es\/wp-json\/wp\/v2\/comments?post=99"}],"version-history":[{"count":2,"href":"https:\/\/blog.nerjaholidayrentals.com\/es\/wp-json\/wp\/v2\/posts\/99\/revisions"}],"predecessor-version":[{"id":102,"href":"https:\/\/blog.nerjaholidayrentals.com\/es\/wp-json\/wp\/v2\/posts\/99\/revisions\/102"}],"wp:featuredmedia":[{"embeddable":true,"href":"https:\/\/blog.nerjaholidayrentals.com\/es\/wp-json\/wp\/v2\/media\/100"}],"wp:attachment":[{"href":"https:\/\/blog.nerjaholidayrentals.com\/es\/wp-json\/wp\/v2\/media?parent=99"}],"wp:term":[{"taxonomy":"category","embeddable":true,"href":"https:\/\/blog.nerjaholidayrentals.com\/es\/wp-json\/wp\/v2\/categories?post=99"},{"taxonomy":"post_tag","embeddable":true,"href":"https:\/\/blog.nerjaholidayrentals.com\/es\/wp-json\/wp\/v2\/tags?post=99"}],"curies":[{"name":"wp","href":"https:\/\/api.w.org\/{rel}","templated":true}]}}