{"id":408,"date":"2019-11-21T09:08:16","date_gmt":"2019-11-21T09:08:16","guid":{"rendered":"https:\/\/blog.nerjaholidayrentals.com\/es\/?p=408"},"modified":"2019-11-21T09:08:16","modified_gmt":"2019-11-21T09:08:16","slug":"el-balcon-de-europa-como-lugar-para-visitar-en-andalucia","status":"publish","type":"post","link":"https:\/\/blog.nerjaholidayrentals.com\/es\/el-balcon-de-europa-como-lugar-para-visitar-en-andalucia\/","title":{"rendered":"El Balc\u00f3n de Europa como lugar para visitar en Andaluc\u00eda"},"content":{"rendered":"<p><strong>El Balc\u00f3n de Europa es uno de los puntos m\u00e1s visitados de Andaluc\u00eda, por su enorme belleza y sus incre\u00edbles vistas al mar Mediterr\u00e1neo<\/strong>, siendo considerado\u00a0 como el lugar donde se puede obtener la vista m\u00e1s panor\u00e1mica de este mar del mundo.<\/p>\n<p>Es por este motivo que a continuaci\u00f3n te contamos un poco m\u00e1s sobre la historia de este lugar id\u00edlico y sepas un poco m\u00e1s de \u00e9l antes de tu visita a Nerja.<\/p>\n<p>&nbsp;<\/p>\n<h2>Historia del Balc\u00f3n de Europa<\/h2>\n<p>&nbsp;<\/p>\n<p><strong>El Balc\u00f3n de Europa debe su nombre al rey Alfonso XII.<\/strong> Fue en una visita a Nerja despu\u00e9s de un terrible terremoto que afect\u00f3 gravemente a la ciudad en el a\u00f1o 1884 cuando el rey se asom\u00f3 a lo que antiguamente era un punto de vigilancia mar\u00edtimo y grit\u00f3 \u201ceste es el Balc\u00f3n de Europa\u201d. Desde ese momento lo que antes se llamaba \u201cPaseo de la Bater\u00eda\u201d se bautiz\u00f3 como \u201cBalc\u00f3n de Europa\u201d y comenz\u00f3 a ser un punto de inter\u00e9s tur\u00edstico adem\u00e1s de b\u00e9lico.<\/p>\n<p>&nbsp;<\/p>\n<p><a href=\"https:\/\/blog.nerjaholidayrentals.com\/wp-content\/uploads\/2019\/11\/balc\u00f3n-de-europa-2.png\"><img loading=\"lazy\" decoding=\"async\" class=\"aligncenter size-full wp-image-405\" src=\"https:\/\/blog.nerjaholidayrentals.com\/wp-content\/uploads\/2019\/11\/balc\u00f3n-de-europa-2.png\" alt=\"what to see balcon de europa nerja\" width=\"751\" height=\"430\" \/><\/a><\/p>\n<p>&nbsp;<\/p>\n<h3>\u00bfQu\u00e9 puedes encontrar en el Balc\u00f3n de Europa?<\/h3>\n<p>&nbsp;<\/p>\n<ol>\n<li>\n<h3>Estatua del rey Alfonso XII<\/h3>\n<\/li>\n<\/ol>\n<p><strong>En el a\u00f1o 2003 se erigi\u00f3 una estatua del rey, obra del famoso escultor Francisco Mart\u00edn,<\/strong> como forma conmemorativa y son miles los turistas que se retratan con ella a lo largo del a\u00f1o.<\/p>\n<ol start=\"2\">\n<li>\n<h3>Monumento del descubrimiento de Las Cuevas de Nerja<\/h3>\n<\/li>\n<\/ol>\n<p><strong>Sobre la mitad del paseo podr\u00e1s admirar una escultura del a\u00f1o 2009 en conmemoraci\u00f3n a los descubridores de las Cuevas de Nerja.<\/strong> De hecho, las Cuevas de Nerja son otro de los grandes atractivos tur\u00edsticos de nuestra ciudad y no puede faltar menci\u00f3n en un espacio tan especial a ellas.<\/p>\n<ol start=\"3\">\n<li>\n<h3>Artistas y m\u00fasicos callejeros<\/h3>\n<\/li>\n<\/ol>\n<p><strong>En tu visita al Balc\u00f3n de Europa te encantar\u00e1 ver la vida y el arte que se encuentra en este punto neur\u00e1lgico de la ciudad<\/strong>. Durante todo el paseo se sit\u00faan todo tipo de artistas (como estatuas vivientes, pintores o m\u00fasicos) que contagian al Balc\u00f3n de Europa de una atm\u00f3sfera m\u00e1gica y cargada de vida que encanta a todo aquel que lo visita.<\/p>\n<ol start=\"4\">\n<li>\n<h3>Ca\u00f1ones del Castillo Bajo de Nerja<\/h3>\n<\/li>\n<\/ol>\n<p><strong>Sobre el acantilado que separa las conocidas playas de Calahonda y del Sal\u00f3n se levantaba un castillo, llamado Castillo Bajo de Nerja<\/strong>. \u00c9ste fue construido a comienzos del siglo XVI, habiendo sido remodelado en varias ocasiones y dotado de ca\u00f1ones para evitar ataques y defender la ciudad. El Castillo fue finalmente destruido por los ingleses durante la Guerra de la Independencia, pero de \u00e9l se conservan dos ca\u00f1ones que se pueden ver en el Balc\u00f3n de Europa.<\/p>\n<p>&nbsp;<\/p>\n<p><a href=\"https:\/\/blog.nerjaholidayrentals.com\/wp-content\/uploads\/2019\/11\/balc\u00f3n-de-europa-3.png\"><img loading=\"lazy\" decoding=\"async\" class=\"aligncenter size-full wp-image-406\" src=\"https:\/\/blog.nerjaholidayrentals.com\/wp-content\/uploads\/2019\/11\/balc\u00f3n-de-europa-3.png\" alt=\"canions europes balcony\" width=\"751\" height=\"430\" \/><\/a><\/p>\n<ol start=\"5\">\n<li>\n<h3>Iglesia de El Salvador<\/h3>\n<\/li>\n<\/ol>\n<p><strong>La Iglesia de El Salvador es la principal iglesia de Nerja. Se encuentra entre el Paseo del Balc\u00f3n de Europa y la Plaza Cavana, una de las plazas m\u00e1s antiguas de la ciudad.<\/strong> En su interior podr\u00e1s contemplar todo tipo de murales, como uno de dedicado a la Encarnaci\u00f3n y otro al Cristo de Bronce. Otro de los grandes atractivos de esta Iglesia (por lo menos para los\u00a0 habitantes de Nerja) es un gran \u00e1rbol, con m\u00e1s de 100 a\u00f1os, al que llaman Cerote.<\/p>\n<ol start=\"6\">\n<li>\n<h3>Las incre\u00edbles vistas<\/h3>\n<\/li>\n<\/ol>\n<p><strong>Evidentemente, no puedes visitar Nerja sin admirar las panor\u00e1micas e irrepetibles vistas del mar Mediterr\u00e1neo.<\/strong> Sentir\u00e1s que est\u00e1s casi flotando y te inundar\u00e1s de una paz y sensaci\u00f3n de libertad incre\u00edble. Como te hemos comentado es uno de los puntos m\u00e1s visitados de Andaluc\u00eda y este m\u00e9rito no es en vano.<\/p>\n<p>\u00bfHas visitado el Balc\u00f3n de Europa? Cu\u00e9ntanos cu\u00e1l es tu experiencia en este sitio tan emblem\u00e1tico de nuestra ciudad.<\/p>\n","protected":false},"excerpt":{"rendered":"<p>El Balc\u00f3n de Europa es uno de los puntos m\u00e1s visitados de Andaluc\u00eda, por su enorme belleza y sus incre\u00edbles vistas al mar Mediterr\u00e1neo<\/p>\n","protected":false},"author":34,"featured_media":404,"comment_status":"open","ping_status":"closed","sticky":false,"template":"","format":"standard","meta":{"footnotes":""},"categories":[81],"tags":[82,22,85],"class_list":["post-408","post","type-post","status-publish","format-standard","has-post-thumbnail","hentry","category-balcon-de-europa","tag-balcon-de-europa","tag-nerja","tag-que-ver-en-nerja"],"yoast_head":"<!-- This site is optimized with the Yoast SEO plugin v27.4 - https:\/\/yoast.com\/product\/yoast-seo-wordpress\/ -->\n<title>El Balc\u00f3n de Europa como lugar para visitar en Andaluc\u00eda - Blog Casasol<\/title>\n<meta name=\"description\" content=\"El Balc\u00f3n de Europa es uno de los puntos m\u00e1s visitados de Andaluc\u00eda, por su enorme belleza y sus incre\u00edbles vistas al mar Mediterr\u00e1neo.\" \/>\n<meta name=\"robots\" content=\"index, follow, max-snippet:-1, max-image-preview:large, max-video-preview:-1\" \/>\n<link rel=\"canonical\" href=\"https:\/\/blog.nerjaholidayrentals.com\/es\/el-balcon-de-europa-como-lugar-para-visitar-en-andalucia\/\" \/>\n<meta property=\"og:locale\" content=\"es_ES\" \/>\n<meta property=\"og:type\" content=\"article\" \/>\n<meta property=\"og:title\" content=\"El Balc\u00f3n de Europa como lugar para visitar en Andaluc\u00eda - Blog Casasol\" \/>\n<meta property=\"og:description\" content=\"El Balc\u00f3n de Europa es uno de los puntos m\u00e1s visitados de Andaluc\u00eda, por su enorme belleza y sus incre\u00edbles vistas al mar Mediterr\u00e1neo.\" \/>\n<meta property=\"og:url\" content=\"https:\/\/blog.nerjaholidayrentals.com\/es\/el-balcon-de-europa-como-lugar-para-visitar-en-andalucia\/\" \/>\n<meta property=\"og:site_name\" content=\"Blog Casasol\" \/>\n<meta property=\"article:author\" content=\"https:\/\/www.facebook.com\/CasasolHoliday\" \/>\n<meta property=\"article:published_time\" content=\"2019-11-21T09:08:16+00:00\" \/>\n<meta property=\"og:image\" content=\"https:\/\/blog.nerjaholidayrentals.com\/wp-content\/uploads\/2019\/11\/balc\u00f3n-de-europa.png\" \/>\n\t<meta property=\"og:image:width\" content=\"751\" \/>\n\t<meta property=\"og:image:height\" content=\"430\" \/>\n\t<meta property=\"og:image:type\" content=\"image\/png\" \/>\n<meta name=\"author\" content=\"Jos\u00e9 Mateos\" \/>\n<meta name=\"twitter:card\" content=\"summary_large_image\" \/>\n<meta name=\"twitter:creator\" content=\"@CasasolHoliday\" \/>\n<meta name=\"twitter:label1\" content=\"Escrito por\" \/>\n\t<meta name=\"twitter:data1\" content=\"Jos\u00e9 Mateos\" \/>\n\t<meta name=\"twitter:label2\" content=\"Tiempo de lectura\" \/>\n\t<meta name=\"twitter:data2\" content=\"3 minutos\" \/>\n<script type=\"application\/ld+json\" class=\"yoast-schema-graph\">{\"@context\":\"https:\\\/\\\/schema.org\",\"@graph\":[{\"@type\":\"Article\",\"@id\":\"https:\\\/\\\/blog.nerjaholidayrentals.com\\\/es\\\/el-balcon-de-europa-como-lugar-para-visitar-en-andalucia\\\/#article\",\"isPartOf\":{\"@id\":\"https:\\\/\\\/blog.nerjaholidayrentals.com\\\/es\\\/el-balcon-de-europa-como-lugar-para-visitar-en-andalucia\\\/\"},\"author\":{\"name\":\"Jos\u00e9 Mateos\",\"@id\":\"https:\\\/\\\/blog.nerjaholidayrentals.com\\\/es\\\/#\\\/schema\\\/person\\\/43e8d745daf7665000059fd9938f938b\"},\"headline\":\"El Balc\u00f3n de Europa como lugar para visitar en Andaluc\u00eda\",\"datePublished\":\"2019-11-21T09:08:16+00:00\",\"mainEntityOfPage\":{\"@id\":\"https:\\\/\\\/blog.nerjaholidayrentals.com\\\/es\\\/el-balcon-de-europa-como-lugar-para-visitar-en-andalucia\\\/\"},\"wordCount\":660,\"commentCount\":0,\"image\":{\"@id\":\"https:\\\/\\\/blog.nerjaholidayrentals.com\\\/es\\\/el-balcon-de-europa-como-lugar-para-visitar-en-andalucia\\\/#primaryimage\"},\"thumbnailUrl\":\"https:\\\/\\\/blog.nerjaholidayrentals.com\\\/wp-content\\\/uploads\\\/2019\\\/11\\\/balc\u00f3n-de-europa.png\",\"keywords\":[\"balc\u00f3n de europa\",\"Nerja\",\"qu\u00e9 ver en Nerja\"],\"articleSection\":[\"balcon de europa\"],\"inLanguage\":\"es\",\"potentialAction\":[{\"@type\":\"CommentAction\",\"name\":\"Comment\",\"target\":[\"https:\\\/\\\/blog.nerjaholidayrentals.com\\\/es\\\/el-balcon-de-europa-como-lugar-para-visitar-en-andalucia\\\/#respond\"]}]},{\"@type\":\"WebPage\",\"@id\":\"https:\\\/\\\/blog.nerjaholidayrentals.com\\\/es\\\/el-balcon-de-europa-como-lugar-para-visitar-en-andalucia\\\/\",\"url\":\"https:\\\/\\\/blog.nerjaholidayrentals.com\\\/es\\\/el-balcon-de-europa-como-lugar-para-visitar-en-andalucia\\\/\",\"name\":\"El Balc\u00f3n de Europa como lugar para visitar en Andaluc\u00eda - Blog Casasol\",\"isPartOf\":{\"@id\":\"https:\\\/\\\/blog.nerjaholidayrentals.com\\\/es\\\/#website\"},\"primaryImageOfPage\":{\"@id\":\"https:\\\/\\\/blog.nerjaholidayrentals.com\\\/es\\\/el-balcon-de-europa-como-lugar-para-visitar-en-andalucia\\\/#primaryimage\"},\"image\":{\"@id\":\"https:\\\/\\\/blog.nerjaholidayrentals.com\\\/es\\\/el-balcon-de-europa-como-lugar-para-visitar-en-andalucia\\\/#primaryimage\"},\"thumbnailUrl\":\"https:\\\/\\\/blog.nerjaholidayrentals.com\\\/wp-content\\\/uploads\\\/2019\\\/11\\\/balc\u00f3n-de-europa.png\",\"datePublished\":\"2019-11-21T09:08:16+00:00\",\"author\":{\"@id\":\"https:\\\/\\\/blog.nerjaholidayrentals.com\\\/es\\\/#\\\/schema\\\/person\\\/43e8d745daf7665000059fd9938f938b\"},\"description\":\"El Balc\u00f3n de Europa es uno de los puntos m\u00e1s visitados de Andaluc\u00eda, por su enorme belleza y sus incre\u00edbles vistas al mar Mediterr\u00e1neo.\",\"breadcrumb\":{\"@id\":\"https:\\\/\\\/blog.nerjaholidayrentals.com\\\/es\\\/el-balcon-de-europa-como-lugar-para-visitar-en-andalucia\\\/#breadcrumb\"},\"inLanguage\":\"es\",\"potentialAction\":[{\"@type\":\"ReadAction\",\"target\":[\"https:\\\/\\\/blog.nerjaholidayrentals.com\\\/es\\\/el-balcon-de-europa-como-lugar-para-visitar-en-andalucia\\\/\"]}]},{\"@type\":\"ImageObject\",\"inLanguage\":\"es\",\"@id\":\"https:\\\/\\\/blog.nerjaholidayrentals.com\\\/es\\\/el-balcon-de-europa-como-lugar-para-visitar-en-andalucia\\\/#primaryimage\",\"url\":\"https:\\\/\\\/blog.nerjaholidayrentals.com\\\/wp-content\\\/uploads\\\/2019\\\/11\\\/balc\u00f3n-de-europa.png\",\"contentUrl\":\"https:\\\/\\\/blog.nerjaholidayrentals.com\\\/wp-content\\\/uploads\\\/2019\\\/11\\\/balc\u00f3n-de-europa.png\",\"width\":751,\"height\":430,\"caption\":\"what to do in nerja\"},{\"@type\":\"BreadcrumbList\",\"@id\":\"https:\\\/\\\/blog.nerjaholidayrentals.com\\\/es\\\/el-balcon-de-europa-como-lugar-para-visitar-en-andalucia\\\/#breadcrumb\",\"itemListElement\":[{\"@type\":\"ListItem\",\"position\":1,\"name\":\"Home\",\"item\":\"https:\\\/\\\/blog.nerjaholidayrentals.com\\\/es\\\/\"},{\"@type\":\"ListItem\",\"position\":2,\"name\":\"El Balc\u00f3n de Europa como lugar para visitar en Andaluc\u00eda\"}]},{\"@type\":\"WebSite\",\"@id\":\"https:\\\/\\\/blog.nerjaholidayrentals.com\\\/es\\\/#website\",\"url\":\"https:\\\/\\\/blog.nerjaholidayrentals.com\\\/es\\\/\",\"name\":\"Blog Casasol\",\"description\":\"Just another  site\",\"potentialAction\":[{\"@type\":\"SearchAction\",\"target\":{\"@type\":\"EntryPoint\",\"urlTemplate\":\"https:\\\/\\\/blog.nerjaholidayrentals.com\\\/es\\\/?s={search_term_string}\"},\"query-input\":{\"@type\":\"PropertyValueSpecification\",\"valueRequired\":true,\"valueName\":\"search_term_string\"}}],\"inLanguage\":\"es\"},{\"@type\":\"Person\",\"@id\":\"https:\\\/\\\/blog.nerjaholidayrentals.com\\\/es\\\/#\\\/schema\\\/person\\\/43e8d745daf7665000059fd9938f938b\",\"name\":\"Jos\u00e9 Mateos\",\"image\":{\"@type\":\"ImageObject\",\"inLanguage\":\"es\",\"@id\":\"https:\\\/\\\/secure.gravatar.com\\\/avatar\\\/ea5d177909ad5cbda723c04542224e0c5423e7df272f6d9ab17db762dc204add?s=96&d=mm&r=g\",\"url\":\"https:\\\/\\\/secure.gravatar.com\\\/avatar\\\/ea5d177909ad5cbda723c04542224e0c5423e7df272f6d9ab17db762dc204add?s=96&d=mm&r=g\",\"contentUrl\":\"https:\\\/\\\/secure.gravatar.com\\\/avatar\\\/ea5d177909ad5cbda723c04542224e0c5423e7df272f6d9ab17db762dc204add?s=96&d=mm&r=g\",\"caption\":\"Jos\u00e9 Mateos\"},\"sameAs\":[\"https:\\\/\\\/www.nerjaholidayrentals.com\\\/\",\"https:\\\/\\\/www.facebook.com\\\/CasasolHoliday\",\"https:\\\/\\\/www.instagram.com\\\/casasolholiday\\\/\",\"https:\\\/\\\/x.com\\\/CasasolHoliday\"],\"url\":\"https:\\\/\\\/blog.nerjaholidayrentals.com\\\/es\\\/author\\\/nerjaholidays\\\/\"}]}<\/script>\n<!-- \/ Yoast SEO plugin. -->","yoast_head_json":{"title":"El Balc\u00f3n de Europa como lugar para visitar en Andaluc\u00eda - Blog Casasol","description":"El Balc\u00f3n de Europa es uno de los puntos m\u00e1s visitados de Andaluc\u00eda, por su enorme belleza y sus incre\u00edbles vistas al mar Mediterr\u00e1neo.","robots":{"index":"index","follow":"follow","max-snippet":"max-snippet:-1","max-image-preview":"max-image-preview:large","max-video-preview":"max-video-preview:-1"},"canonical":"https:\/\/blog.nerjaholidayrentals.com\/es\/el-balcon-de-europa-como-lugar-para-visitar-en-andalucia\/","og_locale":"es_ES","og_type":"article","og_title":"El Balc\u00f3n de Europa como lugar para visitar en Andaluc\u00eda - Blog Casasol","og_description":"El Balc\u00f3n de Europa es uno de los puntos m\u00e1s visitados de Andaluc\u00eda, por su enorme belleza y sus incre\u00edbles vistas al mar Mediterr\u00e1neo.","og_url":"https:\/\/blog.nerjaholidayrentals.com\/es\/el-balcon-de-europa-como-lugar-para-visitar-en-andalucia\/","og_site_name":"Blog Casasol","article_author":"https:\/\/www.facebook.com\/CasasolHoliday","article_published_time":"2019-11-21T09:08:16+00:00","og_image":[{"width":751,"height":430,"url":"https:\/\/blog.nerjaholidayrentals.com\/wp-content\/uploads\/2019\/11\/balc\u00f3n-de-europa.png","type":"image\/png"}],"author":"Jos\u00e9 Mateos","twitter_card":"summary_large_image","twitter_creator":"@CasasolHoliday","twitter_misc":{"Escrito por":"Jos\u00e9 Mateos","Tiempo de lectura":"3 minutos"},"schema":{"@context":"https:\/\/schema.org","@graph":[{"@type":"Article","@id":"https:\/\/blog.nerjaholidayrentals.com\/es\/el-balcon-de-europa-como-lugar-para-visitar-en-andalucia\/#article","isPartOf":{"@id":"https:\/\/blog.nerjaholidayrentals.com\/es\/el-balcon-de-europa-como-lugar-para-visitar-en-andalucia\/"},"author":{"name":"Jos\u00e9 Mateos","@id":"https:\/\/blog.nerjaholidayrentals.com\/es\/#\/schema\/person\/43e8d745daf7665000059fd9938f938b"},"headline":"El Balc\u00f3n de Europa como lugar para visitar en Andaluc\u00eda","datePublished":"2019-11-21T09:08:16+00:00","mainEntityOfPage":{"@id":"https:\/\/blog.nerjaholidayrentals.com\/es\/el-balcon-de-europa-como-lugar-para-visitar-en-andalucia\/"},"wordCount":660,"commentCount":0,"image":{"@id":"https:\/\/blog.nerjaholidayrentals.com\/es\/el-balcon-de-europa-como-lugar-para-visitar-en-andalucia\/#primaryimage"},"thumbnailUrl":"https:\/\/blog.nerjaholidayrentals.com\/wp-content\/uploads\/2019\/11\/balc\u00f3n-de-europa.png","keywords":["balc\u00f3n de europa","Nerja","qu\u00e9 ver en Nerja"],"articleSection":["balcon de europa"],"inLanguage":"es","potentialAction":[{"@type":"CommentAction","name":"Comment","target":["https:\/\/blog.nerjaholidayrentals.com\/es\/el-balcon-de-europa-como-lugar-para-visitar-en-andalucia\/#respond"]}]},{"@type":"WebPage","@id":"https:\/\/blog.nerjaholidayrentals.com\/es\/el-balcon-de-europa-como-lugar-para-visitar-en-andalucia\/","url":"https:\/\/blog.nerjaholidayrentals.com\/es\/el-balcon-de-europa-como-lugar-para-visitar-en-andalucia\/","name":"El Balc\u00f3n de Europa como lugar para visitar en Andaluc\u00eda - Blog Casasol","isPartOf":{"@id":"https:\/\/blog.nerjaholidayrentals.com\/es\/#website"},"primaryImageOfPage":{"@id":"https:\/\/blog.nerjaholidayrentals.com\/es\/el-balcon-de-europa-como-lugar-para-visitar-en-andalucia\/#primaryimage"},"image":{"@id":"https:\/\/blog.nerjaholidayrentals.com\/es\/el-balcon-de-europa-como-lugar-para-visitar-en-andalucia\/#primaryimage"},"thumbnailUrl":"https:\/\/blog.nerjaholidayrentals.com\/wp-content\/uploads\/2019\/11\/balc\u00f3n-de-europa.png","datePublished":"2019-11-21T09:08:16+00:00","author":{"@id":"https:\/\/blog.nerjaholidayrentals.com\/es\/#\/schema\/person\/43e8d745daf7665000059fd9938f938b"},"description":"El Balc\u00f3n de Europa es uno de los puntos m\u00e1s visitados de Andaluc\u00eda, por su enorme belleza y sus incre\u00edbles vistas al mar Mediterr\u00e1neo.","breadcrumb":{"@id":"https:\/\/blog.nerjaholidayrentals.com\/es\/el-balcon-de-europa-como-lugar-para-visitar-en-andalucia\/#breadcrumb"},"inLanguage":"es","potentialAction":[{"@type":"ReadAction","target":["https:\/\/blog.nerjaholidayrentals.com\/es\/el-balcon-de-europa-como-lugar-para-visitar-en-andalucia\/"]}]},{"@type":"ImageObject","inLanguage":"es","@id":"https:\/\/blog.nerjaholidayrentals.com\/es\/el-balcon-de-europa-como-lugar-para-visitar-en-andalucia\/#primaryimage","url":"https:\/\/blog.nerjaholidayrentals.com\/wp-content\/uploads\/2019\/11\/balc\u00f3n-de-europa.png","contentUrl":"https:\/\/blog.nerjaholidayrentals.com\/wp-content\/uploads\/2019\/11\/balc\u00f3n-de-europa.png","width":751,"height":430,"caption":"what to do in nerja"},{"@type":"BreadcrumbList","@id":"https:\/\/blog.nerjaholidayrentals.com\/es\/el-balcon-de-europa-como-lugar-para-visitar-en-andalucia\/#breadcrumb","itemListElement":[{"@type":"ListItem","position":1,"name":"Home","item":"https:\/\/blog.nerjaholidayrentals.com\/es\/"},{"@type":"ListItem","position":2,"name":"El Balc\u00f3n de Europa como lugar para visitar en Andaluc\u00eda"}]},{"@type":"WebSite","@id":"https:\/\/blog.nerjaholidayrentals.com\/es\/#website","url":"https:\/\/blog.nerjaholidayrentals.com\/es\/","name":"Blog Casasol","description":"Just another  site","potentialAction":[{"@type":"SearchAction","target":{"@type":"EntryPoint","urlTemplate":"https:\/\/blog.nerjaholidayrentals.com\/es\/?s={search_term_string}"},"query-input":{"@type":"PropertyValueSpecification","valueRequired":true,"valueName":"search_term_string"}}],"inLanguage":"es"},{"@type":"Person","@id":"https:\/\/blog.nerjaholidayrentals.com\/es\/#\/schema\/person\/43e8d745daf7665000059fd9938f938b","name":"Jos\u00e9 Mateos","image":{"@type":"ImageObject","inLanguage":"es","@id":"https:\/\/secure.gravatar.com\/avatar\/ea5d177909ad5cbda723c04542224e0c5423e7df272f6d9ab17db762dc204add?s=96&d=mm&r=g","url":"https:\/\/secure.gravatar.com\/avatar\/ea5d177909ad5cbda723c04542224e0c5423e7df272f6d9ab17db762dc204add?s=96&d=mm&r=g","contentUrl":"https:\/\/secure.gravatar.com\/avatar\/ea5d177909ad5cbda723c04542224e0c5423e7df272f6d9ab17db762dc204add?s=96&d=mm&r=g","caption":"Jos\u00e9 Mateos"},"sameAs":["https:\/\/www.nerjaholidayrentals.com\/","https:\/\/www.facebook.com\/CasasolHoliday","https:\/\/www.instagram.com\/casasolholiday\/","https:\/\/x.com\/CasasolHoliday"],"url":"https:\/\/blog.nerjaholidayrentals.com\/es\/author\/nerjaholidays\/"}]}},"_links":{"self":[{"href":"https:\/\/blog.nerjaholidayrentals.com\/es\/wp-json\/wp\/v2\/posts\/408","targetHints":{"allow":["GET"]}}],"collection":[{"href":"https:\/\/blog.nerjaholidayrentals.com\/es\/wp-json\/wp\/v2\/posts"}],"about":[{"href":"https:\/\/blog.nerjaholidayrentals.com\/es\/wp-json\/wp\/v2\/types\/post"}],"author":[{"embeddable":true,"href":"https:\/\/blog.nerjaholidayrentals.com\/es\/wp-json\/wp\/v2\/users\/34"}],"replies":[{"embeddable":true,"href":"https:\/\/blog.nerjaholidayrentals.com\/es\/wp-json\/wp\/v2\/comments?post=408"}],"version-history":[{"count":1,"href":"https:\/\/blog.nerjaholidayrentals.com\/es\/wp-json\/wp\/v2\/posts\/408\/revisions"}],"predecessor-version":[{"id":409,"href":"https:\/\/blog.nerjaholidayrentals.com\/es\/wp-json\/wp\/v2\/posts\/408\/revisions\/409"}],"wp:featuredmedia":[{"embeddable":true,"href":"https:\/\/blog.nerjaholidayrentals.com\/es\/wp-json\/wp\/v2\/media\/404"}],"wp:attachment":[{"href":"https:\/\/blog.nerjaholidayrentals.com\/es\/wp-json\/wp\/v2\/media?parent=408"}],"wp:term":[{"taxonomy":"category","embeddable":true,"href":"https:\/\/blog.nerjaholidayrentals.com\/es\/wp-json\/wp\/v2\/categories?post=408"},{"taxonomy":"post_tag","embeddable":true,"href":"https:\/\/blog.nerjaholidayrentals.com\/es\/wp-json\/wp\/v2\/tags?post=408"}],"curies":[{"name":"wp","href":"https:\/\/api.w.org\/{rel}","templated":true}]}}