{"id":3976,"date":"2023-12-02T17:46:17","date_gmt":"2023-12-02T17:46:17","guid":{"rendered":"https:\/\/blog.nerjaholidayrentals.com\/?p=3976"},"modified":"2023-12-02T17:48:55","modified_gmt":"2023-12-02T17:48:55","slug":"celebre-la-navidad-en-nerja-guia-festiva-de-las-celebraciones-2023-2024","status":"publish","type":"post","link":"https:\/\/blog.nerjaholidayrentals.com\/es\/celebre-la-navidad-en-nerja-guia-festiva-de-las-celebraciones-2023-2024\/","title":{"rendered":"Celebre la Navidad en Nerja: Gu\u00eda festiva de las celebraciones 2023-2024"},"content":{"rendered":"<p>Elena G\u00e1lvez, concejala de Tradiciones Populares, ha desvelado un primer avance del programa de actos navide\u00f1os 2023\/2024, que cuenta con m\u00e1s de 60 actividades.<\/p>\n<p>Elena G\u00e1lvez, concejala de Tradiciones Populares, ha desvelado un primer avance del programa de actos navide\u00f1os 2023\/2024, que cuenta con m\u00e1s de 60 actividades.<br \/><!-- \/wp:post-content --><\/p>\n<p><!-- wp:paragraph --><\/p>\n<p>Nerja le da la bienvenida para que experimente la alegr\u00eda y la tradici\u00f3n de la Navidad en nuestra hermosa ciudad. Con una conmovedora serie de eventos planeados para la temporada navide\u00f1a 2023-2024, hay algo m\u00e1gico por descubrir para todos. Desde el ceremonial encendido de las luces navide\u00f1as hasta talleres culturales, y desde animados desfiles hasta misas sagradas, el programa navide\u00f1o de Nerja es un tapiz de festividades que re\u00fane a la comunidad y a los visitantes en el esp\u00edritu de la temporada.<\/p>\n<p>La Navidad en Nerja es una de las mejores fiestas del mundo.<br \/><!-- \/wp:paragraph --><\/p>\n<p><!-- wp:paragraph --><\/p>\n<p><strong>Dando el pistoletazo de salida a las festividades<\/strong> Nuestra andadura navide\u00f1a comienza el 1 de diciembre con la inauguraci\u00f3n del bel\u00e9n municipal, una entra\u00f1able tradici\u00f3n elaborada por el Grupo Parroquial \u00abNuestro Padre Jes\u00fas Cautivo y Mar\u00eda Sant\u00edsima de los Desamparados\u00bb. \u00danase a nosotros a las 18:00 de la tarde para la ceremonia de bendici\u00f3n dirigida por el Reverendo D. Antonio Jes\u00fas Carrasco.<\/p>\n<p><!-- \/wp:paragraph --><\/p>\n<p><!-- wp:paragraph --><\/p>\n<p><strong>Talleres y Reuniones Comunitarias<\/strong> Sea creativo en nuestros talleres de manualidades que comienzan el 2 de diciembre, donde podr\u00e1 crear sus propias &#8216;Hadas de la Suerte&#8217;, o asista a la bendici\u00f3n de la nueva imagen de San Miguel Arc\u00e1ngel el 3 de diciembre. El entra\u00f1able &#8216;D\u00eda de las Migas&#8217;, el 8 de diciembre, le invita a saborear un plato tradicional de la zona en el coraz\u00f3n de Maro.<\/p>\n<p><!-- wp:paragraph --><\/p>\n<p><strong>Iluminando el esp\u00edritu navide\u00f1o<\/strong> El acto de encendido de las luces de Navidad el 9 de diciembre en el Balc\u00f3n de Europa llenar\u00e1 la noche de un c\u00e1lido resplandor, con el armonioso tel\u00f3n de fondo de la Agrupaci\u00f3n Pastoral Frigiliana.<\/p>\n<p><!-- \/wp:paragraph --><\/p>\n<p><!-- wp:paragraph --><\/p>\n<p><strong>Celebraciones religiosas y desfiles<\/strong> Disfrute de las fiestas con la procesi\u00f3n del Rosario de Campanilleros el 10 de diciembre y participe en las misas sagradas programadas durante todo el mes, incluida la emblem\u00e1tica Misa del Gallo en Nochebuena.<br \/><!-- \/wp:paragraph --><\/p>\n<p><!-- wp:paragraph --><\/p>\n<p><strong>Celebraci\u00f3n de Nochevieja<\/strong> Despida el a\u00f1o con una gran celebraci\u00f3n en el Balc\u00f3n de Europa el 31 de diciembre, dando la bienvenida al A\u00f1o Nuevo con repique de campanas, actuaciones y una alegr\u00eda que se prolonga hasta altas horas de la madrugada.<\/p>\n<p><strong>Celebraci\u00f3n de Nochevieja<\/strong>.<br \/><!-- \/wp:paragraph --><\/p>\n<p><!-- wp:paragraph --><\/p>\n<p><strong>Para nuestros ni\u00f1os<\/strong> El 7 de enero es un d\u00eda especial para los m\u00e1s peque\u00f1os, con precios reducidos en el Parque Navide\u00f1o, lo que garantiza un d\u00eda de deleite y risas para nuestros visitantes m\u00e1s j\u00f3venes.<\/p>\n<p>Para nuestros ni\u00f1os.<br \/><!-- \/wp:paragraph --><\/p>\n<p><!-- wp:paragraph --><\/p>\n<p><strong>Enriquecimiento cultural<\/strong> El Centro Cultural Villa de Nerja acoge una serie de eventos culturales que van desde la poes\u00eda flamenca a las galas navide\u00f1as, y desde conferencias esclarecedoras a conciertos festivos durante todo el mes de diciembre.<\/p>\n<!-- \/wp:paragraph -->\n<p>\u00a0<\/p>\n<p><!-- wp:paragraph --><\/p>\n<p><strong>Tiempos sagrados<\/strong> Nuestras iglesias, El Salvador y San Miguel, celebrar\u00e1n misas de Nochebuena, Navidad, A\u00f1o Nuevo y Epifan\u00eda, ofreciendo momentos de reflexi\u00f3n y comunidad.<\/p>\n<p><strong><strong>Tiempos sagrados<\/strong>.<br \/><!-- \/wp:paragraph --><\/strong><\/p>\n<p><!-- wp:paragraph --><\/p>\n<p><strong>Deportes y entretenimiento<\/strong> Los esp\u00edritus atl\u00e9ticos disfrutar\u00e1n con las carreras escolares y de integraci\u00f3n, el campeonato de cubos de Rubik y el torneo de voleibol &#8216;J\u00e9ssica Gonz\u00e1lez&#8217;, que aportar\u00e1n emoci\u00f3n y energ\u00eda a las fiestas.<\/p>\n<p>Inmersi\u00f3nese en las festividades que Nerja ha comisariado cuidadosamente. Reun\u00e1monos para celebrar esta maravillosa \u00e9poca del a\u00f1o de las formas m\u00e1s memorables. Bienvenido a la Navidad en Nerja-donde cada momento se convierte en un recuerdo entra\u00f1able.<\/p>\n<p><!-- \/wp:paragraph --><\/p>\n<p><!-- wp:paragraph --><\/p>\n<p><!-- \/wp:paragraph --><\/p>\n<p><!-- wp:file {\"id\":3947,\"href\":\"https:\/\/blog.nerjaholidayrentals.com\/wp-content\/uploads\/2023\/12\/Christmas-Nerja-2023.pdf\"} --><\/p>\n<p><!-- \/wp:file --><\/p>\n<p><!-- wp:p\u00e1rrafo --><\/p>\n<p><strong>Navidad en Nerja<\/strong>.<br \/><!-- \/wp:paragraph --><\/p>\n\n<!-- wp:file {\"id\":3979,\"href\":\"https:\/\/blog.nerjaholidayrentals.com\/wp-content\/uploads\/2023\/12\/Programa-de-Navidad-Nerja-2023.pdf\"} -->\n<div class=\"wp-block-file\"><a href=\"https:\/\/blog.nerjaholidayrentals.com\/wp-content\/uploads\/2023\/12\/Programa-de-Navidad-Nerja-2023.pdf\"><strong>Descargue aqu\u00ed el programa navide\u00f1o completo:<\/strong><br>Programa-de-Navidad-Nerja-2023<\/a><a href=\"https:\/\/blog.nerjaholidayrentals.com\/wp-content\/uploads\/2023\/12\/Programa-de-Navidad-Nerja-2023.pdf\" class=\"wp-block-file__button\" download>Download<\/a><\/div>\n<!-- \/wp:file -->","protected":false},"excerpt":{"rendered":"<p>Elena G\u00e1lvez, concejala de Tradiciones Populares, ha desvelado un primer avance del programa de actos navide\u00f1os 2023\/2024, que cuenta con&#8230;<\/p>\n","protected":false},"author":34,"featured_media":3961,"comment_status":"open","ping_status":"closed","sticky":false,"template":"","format":"standard","meta":{"footnotes":""},"categories":[117],"tags":[],"class_list":["post-3976","post","type-post","status-publish","format-standard","has-post-thumbnail","hentry","category-nejra-english-es"],"yoast_head":"<!-- This site is optimized with the Yoast SEO plugin v27.5 - https:\/\/yoast.com\/product\/yoast-seo-wordpress\/ -->\n<title>Celebre la Navidad en Nerja: Gu\u00eda festiva de las celebraciones 2023-2024 - Blog Casasol<\/title>\n<meta name=\"robots\" content=\"index, follow, max-snippet:-1, max-image-preview:large, max-video-preview:-1\" \/>\n<link rel=\"canonical\" href=\"https:\/\/blog.nerjaholidayrentals.com\/es\/celebre-la-navidad-en-nerja-guia-festiva-de-las-celebraciones-2023-2024\/\" \/>\n<meta property=\"og:locale\" content=\"es_ES\" \/>\n<meta property=\"og:type\" content=\"article\" \/>\n<meta property=\"og:title\" content=\"Celebre la Navidad en Nerja: Gu\u00eda festiva de las celebraciones 2023-2024 - Blog Casasol\" \/>\n<meta property=\"og:description\" content=\"Elena G\u00e1lvez, concejala de Tradiciones Populares, ha desvelado un primer avance del programa de actos navide\u00f1os 2023\/2024, que cuenta con...\" \/>\n<meta property=\"og:url\" content=\"https:\/\/blog.nerjaholidayrentals.com\/es\/celebre-la-navidad-en-nerja-guia-festiva-de-las-celebraciones-2023-2024\/\" \/>\n<meta property=\"og:site_name\" content=\"Blog Casasol\" \/>\n<meta property=\"article:author\" content=\"https:\/\/www.facebook.com\/CasasolHoliday\" \/>\n<meta property=\"article:published_time\" content=\"2023-12-02T17:46:17+00:00\" \/>\n<meta property=\"article:modified_time\" content=\"2023-12-02T17:48:55+00:00\" \/>\n<meta property=\"og:image\" content=\"https:\/\/blog.nerjaholidayrentals.com\/wp-content\/uploads\/2023\/12\/navidadmnerja.jpg\" \/>\n\t<meta property=\"og:image:width\" content=\"640\" \/>\n\t<meta property=\"og:image:height\" content=\"480\" \/>\n\t<meta property=\"og:image:type\" content=\"image\/jpeg\" \/>\n<meta name=\"author\" content=\"Jos\u00e9 Mateos\" \/>\n<meta name=\"twitter:card\" content=\"summary_large_image\" \/>\n<meta name=\"twitter:creator\" content=\"@CasasolHoliday\" \/>\n<meta name=\"twitter:label1\" content=\"Escrito por\" \/>\n\t<meta name=\"twitter:data1\" content=\"Jos\u00e9 Mateos\" \/>\n\t<meta name=\"twitter:label2\" content=\"Tiempo de lectura\" \/>\n\t<meta name=\"twitter:data2\" content=\"3 minutos\" \/>\n<script type=\"application\/ld+json\" class=\"yoast-schema-graph\">{\"@context\":\"https:\\\/\\\/schema.org\",\"@graph\":[{\"@type\":\"Article\",\"@id\":\"https:\\\/\\\/blog.nerjaholidayrentals.com\\\/es\\\/celebre-la-navidad-en-nerja-guia-festiva-de-las-celebraciones-2023-2024\\\/#article\",\"isPartOf\":{\"@id\":\"https:\\\/\\\/blog.nerjaholidayrentals.com\\\/es\\\/celebre-la-navidad-en-nerja-guia-festiva-de-las-celebraciones-2023-2024\\\/\"},\"author\":{\"name\":\"Jos\u00e9 Mateos\",\"@id\":\"https:\\\/\\\/blog.nerjaholidayrentals.com\\\/es\\\/#\\\/schema\\\/person\\\/43e8d745daf7665000059fd9938f938b\"},\"headline\":\"Celebre la Navidad en Nerja: Gu\u00eda festiva de las celebraciones 2023-2024\",\"datePublished\":\"2023-12-02T17:46:17+00:00\",\"dateModified\":\"2023-12-02T17:48:55+00:00\",\"mainEntityOfPage\":{\"@id\":\"https:\\\/\\\/blog.nerjaholidayrentals.com\\\/es\\\/celebre-la-navidad-en-nerja-guia-festiva-de-las-celebraciones-2023-2024\\\/\"},\"wordCount\":652,\"commentCount\":0,\"image\":{\"@id\":\"https:\\\/\\\/blog.nerjaholidayrentals.com\\\/es\\\/celebre-la-navidad-en-nerja-guia-festiva-de-las-celebraciones-2023-2024\\\/#primaryimage\"},\"thumbnailUrl\":\"https:\\\/\\\/blog.nerjaholidayrentals.com\\\/wp-content\\\/uploads\\\/2023\\\/12\\\/navidadmnerja.jpg\",\"articleSection\":[\"Nerja\"],\"inLanguage\":\"es\",\"potentialAction\":[{\"@type\":\"CommentAction\",\"name\":\"Comment\",\"target\":[\"https:\\\/\\\/blog.nerjaholidayrentals.com\\\/es\\\/celebre-la-navidad-en-nerja-guia-festiva-de-las-celebraciones-2023-2024\\\/#respond\"]}]},{\"@type\":\"WebPage\",\"@id\":\"https:\\\/\\\/blog.nerjaholidayrentals.com\\\/es\\\/celebre-la-navidad-en-nerja-guia-festiva-de-las-celebraciones-2023-2024\\\/\",\"url\":\"https:\\\/\\\/blog.nerjaholidayrentals.com\\\/es\\\/celebre-la-navidad-en-nerja-guia-festiva-de-las-celebraciones-2023-2024\\\/\",\"name\":\"Celebre la Navidad en Nerja: Gu\u00eda festiva de las celebraciones 2023-2024 - Blog Casasol\",\"isPartOf\":{\"@id\":\"https:\\\/\\\/blog.nerjaholidayrentals.com\\\/es\\\/#website\"},\"primaryImageOfPage\":{\"@id\":\"https:\\\/\\\/blog.nerjaholidayrentals.com\\\/es\\\/celebre-la-navidad-en-nerja-guia-festiva-de-las-celebraciones-2023-2024\\\/#primaryimage\"},\"image\":{\"@id\":\"https:\\\/\\\/blog.nerjaholidayrentals.com\\\/es\\\/celebre-la-navidad-en-nerja-guia-festiva-de-las-celebraciones-2023-2024\\\/#primaryimage\"},\"thumbnailUrl\":\"https:\\\/\\\/blog.nerjaholidayrentals.com\\\/wp-content\\\/uploads\\\/2023\\\/12\\\/navidadmnerja.jpg\",\"datePublished\":\"2023-12-02T17:46:17+00:00\",\"dateModified\":\"2023-12-02T17:48:55+00:00\",\"author\":{\"@id\":\"https:\\\/\\\/blog.nerjaholidayrentals.com\\\/es\\\/#\\\/schema\\\/person\\\/43e8d745daf7665000059fd9938f938b\"},\"breadcrumb\":{\"@id\":\"https:\\\/\\\/blog.nerjaholidayrentals.com\\\/es\\\/celebre-la-navidad-en-nerja-guia-festiva-de-las-celebraciones-2023-2024\\\/#breadcrumb\"},\"inLanguage\":\"es\",\"potentialAction\":[{\"@type\":\"ReadAction\",\"target\":[\"https:\\\/\\\/blog.nerjaholidayrentals.com\\\/es\\\/celebre-la-navidad-en-nerja-guia-festiva-de-las-celebraciones-2023-2024\\\/\"]}]},{\"@type\":\"ImageObject\",\"inLanguage\":\"es\",\"@id\":\"https:\\\/\\\/blog.nerjaholidayrentals.com\\\/es\\\/celebre-la-navidad-en-nerja-guia-festiva-de-las-celebraciones-2023-2024\\\/#primaryimage\",\"url\":\"https:\\\/\\\/blog.nerjaholidayrentals.com\\\/wp-content\\\/uploads\\\/2023\\\/12\\\/navidadmnerja.jpg\",\"contentUrl\":\"https:\\\/\\\/blog.nerjaholidayrentals.com\\\/wp-content\\\/uploads\\\/2023\\\/12\\\/navidadmnerja.jpg\",\"width\":640,\"height\":480},{\"@type\":\"BreadcrumbList\",\"@id\":\"https:\\\/\\\/blog.nerjaholidayrentals.com\\\/es\\\/celebre-la-navidad-en-nerja-guia-festiva-de-las-celebraciones-2023-2024\\\/#breadcrumb\",\"itemListElement\":[{\"@type\":\"ListItem\",\"position\":1,\"name\":\"Home\",\"item\":\"https:\\\/\\\/blog.nerjaholidayrentals.com\\\/es\\\/\"},{\"@type\":\"ListItem\",\"position\":2,\"name\":\"Celebre la Navidad en Nerja: Gu\u00eda festiva de las celebraciones 2023-2024\"}]},{\"@type\":\"WebSite\",\"@id\":\"https:\\\/\\\/blog.nerjaholidayrentals.com\\\/es\\\/#website\",\"url\":\"https:\\\/\\\/blog.nerjaholidayrentals.com\\\/es\\\/\",\"name\":\"Blog Casasol\",\"description\":\"Just another  site\",\"potentialAction\":[{\"@type\":\"SearchAction\",\"target\":{\"@type\":\"EntryPoint\",\"urlTemplate\":\"https:\\\/\\\/blog.nerjaholidayrentals.com\\\/es\\\/?s={search_term_string}\"},\"query-input\":{\"@type\":\"PropertyValueSpecification\",\"valueRequired\":true,\"valueName\":\"search_term_string\"}}],\"inLanguage\":\"es\"},{\"@type\":\"Person\",\"@id\":\"https:\\\/\\\/blog.nerjaholidayrentals.com\\\/es\\\/#\\\/schema\\\/person\\\/43e8d745daf7665000059fd9938f938b\",\"name\":\"Jos\u00e9 Mateos\",\"image\":{\"@type\":\"ImageObject\",\"inLanguage\":\"es\",\"@id\":\"https:\\\/\\\/secure.gravatar.com\\\/avatar\\\/ea5d177909ad5cbda723c04542224e0c5423e7df272f6d9ab17db762dc204add?s=96&d=mm&r=g\",\"url\":\"https:\\\/\\\/secure.gravatar.com\\\/avatar\\\/ea5d177909ad5cbda723c04542224e0c5423e7df272f6d9ab17db762dc204add?s=96&d=mm&r=g\",\"contentUrl\":\"https:\\\/\\\/secure.gravatar.com\\\/avatar\\\/ea5d177909ad5cbda723c04542224e0c5423e7df272f6d9ab17db762dc204add?s=96&d=mm&r=g\",\"caption\":\"Jos\u00e9 Mateos\"},\"sameAs\":[\"https:\\\/\\\/www.nerjaholidayrentals.com\\\/\",\"https:\\\/\\\/www.facebook.com\\\/CasasolHoliday\",\"https:\\\/\\\/www.instagram.com\\\/casasolholiday\\\/\",\"https:\\\/\\\/x.com\\\/CasasolHoliday\"],\"url\":\"https:\\\/\\\/blog.nerjaholidayrentals.com\\\/es\\\/author\\\/nerjaholidays\\\/\"}]}<\/script>\n<!-- \/ Yoast SEO plugin. -->","yoast_head_json":{"title":"Celebre la Navidad en Nerja: Gu\u00eda festiva de las celebraciones 2023-2024 - Blog Casasol","robots":{"index":"index","follow":"follow","max-snippet":"max-snippet:-1","max-image-preview":"max-image-preview:large","max-video-preview":"max-video-preview:-1"},"canonical":"https:\/\/blog.nerjaholidayrentals.com\/es\/celebre-la-navidad-en-nerja-guia-festiva-de-las-celebraciones-2023-2024\/","og_locale":"es_ES","og_type":"article","og_title":"Celebre la Navidad en Nerja: Gu\u00eda festiva de las celebraciones 2023-2024 - Blog Casasol","og_description":"Elena G\u00e1lvez, concejala de Tradiciones Populares, ha desvelado un primer avance del programa de actos navide\u00f1os 2023\/2024, que cuenta con...","og_url":"https:\/\/blog.nerjaholidayrentals.com\/es\/celebre-la-navidad-en-nerja-guia-festiva-de-las-celebraciones-2023-2024\/","og_site_name":"Blog Casasol","article_author":"https:\/\/www.facebook.com\/CasasolHoliday","article_published_time":"2023-12-02T17:46:17+00:00","article_modified_time":"2023-12-02T17:48:55+00:00","og_image":[{"width":640,"height":480,"url":"https:\/\/blog.nerjaholidayrentals.com\/wp-content\/uploads\/2023\/12\/navidadmnerja.jpg","type":"image\/jpeg"}],"author":"Jos\u00e9 Mateos","twitter_card":"summary_large_image","twitter_creator":"@CasasolHoliday","twitter_misc":{"Escrito por":"Jos\u00e9 Mateos","Tiempo de lectura":"3 minutos"},"schema":{"@context":"https:\/\/schema.org","@graph":[{"@type":"Article","@id":"https:\/\/blog.nerjaholidayrentals.com\/es\/celebre-la-navidad-en-nerja-guia-festiva-de-las-celebraciones-2023-2024\/#article","isPartOf":{"@id":"https:\/\/blog.nerjaholidayrentals.com\/es\/celebre-la-navidad-en-nerja-guia-festiva-de-las-celebraciones-2023-2024\/"},"author":{"name":"Jos\u00e9 Mateos","@id":"https:\/\/blog.nerjaholidayrentals.com\/es\/#\/schema\/person\/43e8d745daf7665000059fd9938f938b"},"headline":"Celebre la Navidad en Nerja: Gu\u00eda festiva de las celebraciones 2023-2024","datePublished":"2023-12-02T17:46:17+00:00","dateModified":"2023-12-02T17:48:55+00:00","mainEntityOfPage":{"@id":"https:\/\/blog.nerjaholidayrentals.com\/es\/celebre-la-navidad-en-nerja-guia-festiva-de-las-celebraciones-2023-2024\/"},"wordCount":652,"commentCount":0,"image":{"@id":"https:\/\/blog.nerjaholidayrentals.com\/es\/celebre-la-navidad-en-nerja-guia-festiva-de-las-celebraciones-2023-2024\/#primaryimage"},"thumbnailUrl":"https:\/\/blog.nerjaholidayrentals.com\/wp-content\/uploads\/2023\/12\/navidadmnerja.jpg","articleSection":["Nerja"],"inLanguage":"es","potentialAction":[{"@type":"CommentAction","name":"Comment","target":["https:\/\/blog.nerjaholidayrentals.com\/es\/celebre-la-navidad-en-nerja-guia-festiva-de-las-celebraciones-2023-2024\/#respond"]}]},{"@type":"WebPage","@id":"https:\/\/blog.nerjaholidayrentals.com\/es\/celebre-la-navidad-en-nerja-guia-festiva-de-las-celebraciones-2023-2024\/","url":"https:\/\/blog.nerjaholidayrentals.com\/es\/celebre-la-navidad-en-nerja-guia-festiva-de-las-celebraciones-2023-2024\/","name":"Celebre la Navidad en Nerja: Gu\u00eda festiva de las celebraciones 2023-2024 - Blog Casasol","isPartOf":{"@id":"https:\/\/blog.nerjaholidayrentals.com\/es\/#website"},"primaryImageOfPage":{"@id":"https:\/\/blog.nerjaholidayrentals.com\/es\/celebre-la-navidad-en-nerja-guia-festiva-de-las-celebraciones-2023-2024\/#primaryimage"},"image":{"@id":"https:\/\/blog.nerjaholidayrentals.com\/es\/celebre-la-navidad-en-nerja-guia-festiva-de-las-celebraciones-2023-2024\/#primaryimage"},"thumbnailUrl":"https:\/\/blog.nerjaholidayrentals.com\/wp-content\/uploads\/2023\/12\/navidadmnerja.jpg","datePublished":"2023-12-02T17:46:17+00:00","dateModified":"2023-12-02T17:48:55+00:00","author":{"@id":"https:\/\/blog.nerjaholidayrentals.com\/es\/#\/schema\/person\/43e8d745daf7665000059fd9938f938b"},"breadcrumb":{"@id":"https:\/\/blog.nerjaholidayrentals.com\/es\/celebre-la-navidad-en-nerja-guia-festiva-de-las-celebraciones-2023-2024\/#breadcrumb"},"inLanguage":"es","potentialAction":[{"@type":"ReadAction","target":["https:\/\/blog.nerjaholidayrentals.com\/es\/celebre-la-navidad-en-nerja-guia-festiva-de-las-celebraciones-2023-2024\/"]}]},{"@type":"ImageObject","inLanguage":"es","@id":"https:\/\/blog.nerjaholidayrentals.com\/es\/celebre-la-navidad-en-nerja-guia-festiva-de-las-celebraciones-2023-2024\/#primaryimage","url":"https:\/\/blog.nerjaholidayrentals.com\/wp-content\/uploads\/2023\/12\/navidadmnerja.jpg","contentUrl":"https:\/\/blog.nerjaholidayrentals.com\/wp-content\/uploads\/2023\/12\/navidadmnerja.jpg","width":640,"height":480},{"@type":"BreadcrumbList","@id":"https:\/\/blog.nerjaholidayrentals.com\/es\/celebre-la-navidad-en-nerja-guia-festiva-de-las-celebraciones-2023-2024\/#breadcrumb","itemListElement":[{"@type":"ListItem","position":1,"name":"Home","item":"https:\/\/blog.nerjaholidayrentals.com\/es\/"},{"@type":"ListItem","position":2,"name":"Celebre la Navidad en Nerja: Gu\u00eda festiva de las celebraciones 2023-2024"}]},{"@type":"WebSite","@id":"https:\/\/blog.nerjaholidayrentals.com\/es\/#website","url":"https:\/\/blog.nerjaholidayrentals.com\/es\/","name":"Blog Casasol","description":"Just another  site","potentialAction":[{"@type":"SearchAction","target":{"@type":"EntryPoint","urlTemplate":"https:\/\/blog.nerjaholidayrentals.com\/es\/?s={search_term_string}"},"query-input":{"@type":"PropertyValueSpecification","valueRequired":true,"valueName":"search_term_string"}}],"inLanguage":"es"},{"@type":"Person","@id":"https:\/\/blog.nerjaholidayrentals.com\/es\/#\/schema\/person\/43e8d745daf7665000059fd9938f938b","name":"Jos\u00e9 Mateos","image":{"@type":"ImageObject","inLanguage":"es","@id":"https:\/\/secure.gravatar.com\/avatar\/ea5d177909ad5cbda723c04542224e0c5423e7df272f6d9ab17db762dc204add?s=96&d=mm&r=g","url":"https:\/\/secure.gravatar.com\/avatar\/ea5d177909ad5cbda723c04542224e0c5423e7df272f6d9ab17db762dc204add?s=96&d=mm&r=g","contentUrl":"https:\/\/secure.gravatar.com\/avatar\/ea5d177909ad5cbda723c04542224e0c5423e7df272f6d9ab17db762dc204add?s=96&d=mm&r=g","caption":"Jos\u00e9 Mateos"},"sameAs":["https:\/\/www.nerjaholidayrentals.com\/","https:\/\/www.facebook.com\/CasasolHoliday","https:\/\/www.instagram.com\/casasolholiday\/","https:\/\/x.com\/CasasolHoliday"],"url":"https:\/\/blog.nerjaholidayrentals.com\/es\/author\/nerjaholidays\/"}]}},"_links":{"self":[{"href":"https:\/\/blog.nerjaholidayrentals.com\/es\/wp-json\/wp\/v2\/posts\/3976","targetHints":{"allow":["GET"]}}],"collection":[{"href":"https:\/\/blog.nerjaholidayrentals.com\/es\/wp-json\/wp\/v2\/posts"}],"about":[{"href":"https:\/\/blog.nerjaholidayrentals.com\/es\/wp-json\/wp\/v2\/types\/post"}],"author":[{"embeddable":true,"href":"https:\/\/blog.nerjaholidayrentals.com\/es\/wp-json\/wp\/v2\/users\/34"}],"replies":[{"embeddable":true,"href":"https:\/\/blog.nerjaholidayrentals.com\/es\/wp-json\/wp\/v2\/comments?post=3976"}],"version-history":[{"count":3,"href":"https:\/\/blog.nerjaholidayrentals.com\/es\/wp-json\/wp\/v2\/posts\/3976\/revisions"}],"predecessor-version":[{"id":3987,"href":"https:\/\/blog.nerjaholidayrentals.com\/es\/wp-json\/wp\/v2\/posts\/3976\/revisions\/3987"}],"wp:featuredmedia":[{"embeddable":true,"href":"https:\/\/blog.nerjaholidayrentals.com\/es\/wp-json\/wp\/v2\/media\/3961"}],"wp:attachment":[{"href":"https:\/\/blog.nerjaholidayrentals.com\/es\/wp-json\/wp\/v2\/media?parent=3976"}],"wp:term":[{"taxonomy":"category","embeddable":true,"href":"https:\/\/blog.nerjaholidayrentals.com\/es\/wp-json\/wp\/v2\/categories?post=3976"},{"taxonomy":"post_tag","embeddable":true,"href":"https:\/\/blog.nerjaholidayrentals.com\/es\/wp-json\/wp\/v2\/tags?post=3976"}],"curies":[{"name":"wp","href":"https:\/\/api.w.org\/{rel}","templated":true}]}}